{"id":1178,"date":"2020-11-23T15:42:06","date_gmt":"2020-11-23T15:42:06","guid":{"rendered":"https:\/\/www.dottabbate.it\/?p=1178"},"modified":"2022-02-22T17:51:54","modified_gmt":"2022-02-22T16:51:54","slug":"attivazione-del-corpo-di-luce-2008","status":"publish","type":"post","link":"https:\/\/www.dottabbate.com\/it\/attivazione-del-corpo-di-luce-2008\/","title":{"rendered":"ATTIVAZIONE DEL CORPO DI LUCE"},"content":{"rendered":"\t\t<div data-elementor-type=\"wp-post\" data-elementor-id=\"1178\" class=\"elementor elementor-1178\" data-elementor-post-type=\"post\">\n\t\t\t\t\t\t<section class=\"elementor-section elementor-top-section elementor-element elementor-element-8e08502 elementor-section-boxed elementor-section-height-default elementor-section-height-default\" data-id=\"8e08502\" data-element_type=\"section\" data-e-type=\"section\">\n\t\t\t\t\t\t<div class=\"elementor-container elementor-column-gap-default\">\n\t\t\t\t\t<div class=\"elementor-column elementor-col-100 elementor-top-column elementor-element elementor-element-68d6d2f9\" data-id=\"68d6d2f9\" data-element_type=\"column\" data-e-type=\"column\">\n\t\t\t<div class=\"elementor-widget-wrap elementor-element-populated\">\n\t\t\t\t\t\t<div class=\"elementor-element elementor-element-d5e5a56 elementor-widget elementor-widget-dyncontel-featured-image\" data-id=\"d5e5a56\" data-element_type=\"widget\" data-e-type=\"widget\" data-widget_type=\"dyncontel-featured-image.default\">\n\t\t\t\t<div class=\"elementor-widget-container\">\n\t\t\t\t\t<div class=\"dce-featured-image \"><div class=\"mask\"><div class=\"wrap-filters\"><img decoding=\"async\" src=\"https:\/\/www.dottabbate.com\/wp-content\/uploads\/yoga-4447279_1280.jpg\" \/><\/div><\/div><div class=\"dce-overlay\"><\/div><\/div>\t\t\t\t<\/div>\n\t\t\t\t<\/div>\n\t\t\t\t<div class=\"elementor-element elementor-element-2619031e elementor-widget elementor-widget-text-editor\" data-id=\"2619031e\" data-element_type=\"widget\" data-e-type=\"widget\" data-widget_type=\"text-editor.default\">\n\t\t\t\t<div class=\"elementor-widget-container\">\n\t\t\t\t\t\t\t\t\t<p><strong>Onde cerebrali, variazione delle risonanze Terra-Ionosfera (Frequenze di Schumann), degenerazione neuronale (Harbar) e attivazione del \u201cCorpo di Luce\u201d<\/strong><\/p><p><strong>Abstract<\/strong><\/p><p>Le onde cerebrali variano dai 0,5 ai 42 Hz, mentre <strong>la Frequenza fondamentale di Schumann ha improvvisamente iniziato ad aumentare<\/strong>, passando da 7,83 Hz a 11,3Hz nel 2006. Questa variazione influenza il funzionamento del cervello in molti modi, incluso la percezione del tempo, che risulta apparentemente accelerato. Altro effetto \u00e8 un fenomeno di stress dei neuroni, che si risolve in una nuova forma di pazzia, predetta a met\u00e0 del secolo scorso e denominata \u201cHarbar\u201d. Per\u00f2 la capacit\u00e0 corporea di modificare le proprie frequenze cellulari consente<strong> l\u2019attivazione di un \u201cCorpo di Luce\u201d <\/strong>in grado di contrastare le basse frequenze e di utilizzare la Luce stessa per la guarigione.<\/p><h5><strong>Modi di risonanza della cavit\u00e0 Terra-ionosfera<\/strong><\/h5><p>L&#8217;Istituto Nazionale di Geofisica e Vulcanologia di L&#8217;Aquila, in collaborazione con l&#8217;Universit\u00e0 di Tirana (Dipartimento di Fisica &#8211; Albania), con l&#8217;Istituto Geomagnetico di Grocka (Belgrado, Serbia) e con l&#8217;Universit\u00e0 di Ferrara (Dipartimento di Scienze della Terra), con il supporto della Regione Abruzzo e dell&#8217;ARPA-Molise, gestisce un progetto scientifico e tecnologico per il monitoraggio continuo del fondo elettromagnetico ambientale tra 0.001 Hz e 100 kHz, mediante tecniche interferometriche a larga banda. La parte tecnica di questo progetto, denominato MEM (Monitoraggio Elettro-Magnetico), viene sviluppata prevalentemente presso l&#8217;Osservatorio Geomagnetico Nazionale di L&#8217;Aquila dove sono presenti le competenze scientifiche e tecnologiche necessarie. In questa struttura vengono infatti condotte misure sistematiche del campo geomagnetico dal 1957. Dal 1961 inoltre l&#8217;Osservatorio fa parte della rete mondiale degli osservatori geomagnetici.<\/p><p>Da questo progetto abbiamo estratto la base per elaborare quanto segue. Nel ringraziare tutti i ricercatori del progetto MEM per il lavoro che stanno svolgendo, ci assumiamo tutta la responsabilit\u00e0 per quanto detto e per le elaborazioni fatte.<\/p><p>Come capostipite di queste ricerche va ricordato il progetto della N.A.S.A detto I.N.S.P.I.R.E. (http:\/\/image.gsfc.nasa.gov\/poetry\/inspire).<\/p><p>L\u2019interesse della comunit\u00e0 scientifica \u00e8 orientato soprattutto all\u2019esplorazione delle bande basse dello spettro elettromagnetico in relazione a fenomeni atmosferici quali fulmini globulari, aurore boreali e ionizzazione dell\u2019atmosfera dovuta all\u2019impatto di micrometeoriti. Inoltre studi di geologia hanno supposto che fenomeni tettonici di origine sismica o eruttiva provochino emissioni di onde elettromagnetiche nella banda delle ULF (Ultra Low Frequency).<\/p><p>La cavit\u00e0 Terra &#8211; ionosfera si comporta come un sistema risonante le cui frequenze sono legate alle dimensioni della cavit\u00e0: la circonferenza massima della Terra di circa 40.000 km e l&#8217;altezza Terra &#8211; ionosfera di circa 100 km. Alla prima \u00e8 associata una frequenza fondamentale longitudinale, detta frequenza Schumann, che i fisici pensavano essere un parametro caratteristico della Terra, determinato dalle geometrie e dai mezzi, cio\u00e8 terra ed aria, in gioco. Tale frequenza \u00e8 stata per molto tempo pari a 7.83 Hz, e tutto portava a credere che non sarebbe mai cambiata. Invece\u00a0 dagli anni novanta continua a crescere senza alcuna spiegazione logica. All\u2019altezza Terra &#8211; ionosfera \u00e8 associata una frequenza fondamentale trasversale di 1.700 Hz. L&#8217;insieme delle scariche elettriche atmosferiche e dei transienti artificiali di grande intensit\u00e0 che si producono sull&#8217;intera superficie planetaria eccitano i modi di risonanza longitudinale e trasversale della cavit\u00e0 producendo una radiazione di fondo quasi stazionaria e osservabile in qualunque punto della superficie terrestre: un segnale di fondo noto come segnale di risonanza Schumann (8 Hz \u2013 45 Hz) e un segnale di risonanza trasversale (800 Hz \u2013 5.000 Hz).<\/p><p>\u00a0\u00a0\u00a0\u00a0\u00a0\u00a0\u00a0\u00a0\u00a0\u00a0\u00a0\u00a0<strong> Modi di risonanza della cavit\u00e0 Terra-ionosfera<\/strong><\/p><p>La componente stazionaria \u00e8 dovuta al fatto che la frequenza media di ripetizione delle scariche atmosferiche \u00e8 molto pi\u00f9 grande della frequenza di risonanza, la componente non stazionaria \u00e8 prodotta dalle scariche atmosferiche di grande intensit\u00e0 (&gt;1 GW); a livello planetario si ha, statisticamente, un evento ogni secondo.<\/p><p>Nel caso delle scariche elettriche atmosferiche l&#8217;energia in gioco pu\u00f2 essere talmente elevata da produrre cambiamenti locali nel plasma ionosferico eccitando modi propri di risonanza.<\/p><p>Queste frequenze dipendono dalla struttura della ionosfera, poich\u00e9 questa \u00e8 soggetta a variazioni temporali e spaziali, le frequenze di cut-off possono assumere diversi valori nello stesso istante, tali valori inoltre possono essere soggetti a variazioni nel tempo (tipica \u00e8 la variazione giorno-notte). La misura di questi segnali pu\u00f2 costituire un utile strumento di diagnosi della ionosfera.<\/p><h5><strong>Le onde cerebrali<\/strong><\/h5><p>Le onde cerebrali sono state codificate con le lettere del\u2019alfabeto greco, mano a mano che venivano scoperte. Di conseguenza la loro progressione di frequenza non rispetta l\u2019alfabeto. Le onde conosciute sono le seguenti.<\/p><p>F (Hz)\u00a0\u00a0 Onda\u00a0\u00a0 Tipo\/Stato mentale<\/p><p>0,5 &#8211; 4\u00a0 Delta (\u2206)\u00a0\u00a0\u00a0\u00a0\u00a0\u00a0\u00a0\u00a0\u00a0 Potere psichico\/Concentrato o sonno profondo<\/p><p>4 &#8211; 8\u00a0\u00a0\u00a0\u00a0 Theta (\u0398)\u00a0\u00a0\u00a0\u00a0\u00a0\u00a0\u00a0 Potere psichico\/Dormiente<\/p><p>8 &#8211; 12\u00a0\u00a0 Alpha(\u03b1)\u00a0\u00a0\u00a0\u00a0\u00a0\u00a0\u00a0\u00a0\u00a0 Sub-cosciente\/Veglia(occhi chiusi) o Meditante<\/p><p>14 &#8211; 40 Beta (\u03b2)\u00a0\u00a0\u00a0\u00a0\u00a0\u00a0\u00a0\u00a0\u00a0\u00a0 Cosciente\/Piena attivit\u00e0 cerebrale<\/p><p>30 &#8211; 42 Gamma (\u03b3)\u00a0\u00a0\u00a0\u00a0\u00a0 Trance\/Trance<\/p><p>\u00c8 da notare immediatamente che tra le onde \u03b1 e quelle \u03b2 c\u2019\u00e8 un buco, dai 12 Hz ai 14 Hz, mentre tra le \u03b2 e le onde \u03b3 c\u2019\u00e8 una sovrapposizione, dai 30 Hz ai 40 Hz.<\/p><h5><strong>Le onde cerebrali e la frequenza fondamentale di Schumann<\/strong><\/h5><p>La frequenza Schumann \u00e8 partita da 7,83 Hz, e nel 2006 ha raggiunto gli 11,3 Hz (11,27103751, per l\u2019esattezza), andando verso i 13 o 13,5 Hz, alla cui frequenza dovrebbe avvenire il cambiamento di<\/p><p>direzione degli assi terrestri, sia quello magnetico, sia quello di rotazione, per poi proseguire la crescita sino a stabilizzarsi a 15 Hz. Stimo che attualmente siamo arrivati a circa 11,7 Hz.<\/p><p>Se compariamo queste variazioni con le onde cerebrali otteniamo questa tabella:<\/p><p>F (Hz)<\/p><p>0,5 &#8211; 4\u00a0 Onda<\/p><p>Delta (\u2206)\u00a0\u00a0\u00a0\u00a0\u00a0\u00a0\u00a0\u00a0 Tipo\/Stato mentale<\/p><p>Potere psichico\/Concentrato o sonno profondo\u00a0\u00a0\u00a0\u00a0\u00a0 Freq. Schuman<\/p><p>4 &#8211; 8\u00a0\u00a0\u00a0\u00a0 Theta (\u0398)\u00a0\u00a0\u00a0\u00a0\u00a0\u00a0\u00a0 Potere psichico\/Dormiente\u00a0\u00a0 7,8 (sino 1952) \u00c6<\/p><p>8 &#8211; 12\u00a0\u00a0 Alpha(\u03b1)\u00a0\u00a0\u00a0\u00a0\u00a0\u00a0\u00a0\u00a0\u00a0 Sub-cosciente\/Veglia(occhi chiusi) o Meditante\u00a0\u00a0\u00a0\u00a0\u00a0 11,3 (2006) \u00c6<\/p><p>14 &#8211; 40 Beta (\u03b2)\u00a0\u00a0\u00a0\u00a0\u00a0\u00a0\u00a0\u00a0\u00a0\u00a0 Cosciente\/Piena attivit\u00e0 cerebrale\u00a0\u00a0\u00a0 13,5 (?2012) \u00c6 15<\/p><p>30 &#8211; 42 Gamma (\u03b3)\u00a0\u00a0\u00a0\u00a0\u00a0 Trance\/Trance\u00a0\u00a0\u00a0\u00a0\u00a0\u00a0\u00a0\u00a0\u00a0\u00a0<\/p><p>Questa tabella ci dice che la nostra mente era dormiente, e questa fase di risveglio \u00e8 iniziata con un <strong>cambiamento di frequenza cerebrale<\/strong>, passando dalle onde Theta alle onde Alpha.<\/p><p>Ora siamo nella fase di<strong> meditazione<\/strong>, cio\u00e8 in quella fase dove dobbiamo esercitare il nostro discernimento per capire dove andare a finire, passando da una specie di \u201cmeditazione cosciente\u201d a una situazione dove aprire gli occhi.<\/p><p>Particolarmente critico potrebbe essere il periodo dal 2008 al 2012, essendo il valore della frequenza in quell\u2019intervallo che c\u2019\u00e8 tra le onde Alpha e quelle Beta; \u00e8 facile intuire che la conseguenza a livello cerebrale sar\u00e0 la perdita di un riferimento.<\/p><p><strong>Dopo il salto, arriveremo alle onde Beta, cio\u00e8 alla piena consapevolezza del tutto.<\/strong><\/p><p>Quanto detto potrebbe essere interpretato come un collegamento tra l\u2019aumento della frequenza Schumann e quel salto quantico di cui tutto il movimento \u201cNew Age\u201d parla. In realt\u00e0 per\u00f2 questa connessione \u00e8 pi\u00f9 emotiva che razionale, e non \u00e8 cos\u00ec forte da potersi ritenere solida. Il risveglio di certe capacit\u00e0 umane non coincide necessariamente con l\u2019ipotesi di un salto dimensionale. Si pu\u00f2 facilmente immaginare un uomo con un DNA totalmente attivato, magari con tre eliche nel DNA, cio\u00e8 un uomo capace di fare opere che oggi chiamiamo miracoli, che per contro \u00e8 ancora semplicemente un uomo, con un corpo fisico eguale a quello attuale.<\/p><h5><strong>La variazione delle risonanze longitudinali di Schumann e le onde cerebrali<\/strong><\/h5><p>La frequenza fondamentale di risonanza longitudinale \u00e8 stata sempre di 7,83 Hz, e le altre possibili frequenze sono 14, 20, 26, 33, 39 e 45 Hz.<\/p><p>Come detto, la frequenza base \u00e8 passata progressivamente da 7,83 Hz a 11,3 Hz nel 2006. Purtroppo non disponiamo di dati sulla variazione delle altre frequenze, ma per analogia si pu\u00f2 ipotizzare un nuovo insieme di modi vibrazionali, formato dalle seguenti frequenze: 20,20, 28,86, 37,52, 47,62, 56,28 e 64,94 Hz.<\/p><p>Queste frequenze hanno per\u00f2 molto meno rilievo, e possono essere trascurate rispetto all\u2019influenza sulle onde cerebrali.<\/p><h5><strong>La percezione del tempo<\/strong><\/h5><p>Il nostro orologio biologico \u00e8 ormai un dato di fatto sia in medicina che in psicologia, ma nessuno sa come funzioni. Ragionevolmente, seppure senza riscontri oggettivi perch\u00e9 una simile indagine non \u00e8 mai stata fatta con metodo scientifico, si pu\u00f2 ipotizzare che l\u2019orologio biologico si basi sulla percezione dell\u2019ambiente esterno, e sia quindi influenzato da molti fattori. Ad esempio se si isola una persona per molto tempo, ad esempio chiudendola in una stanza senza finestre e con luce artificiale, questa condizione porta ad una alterazione del tempo percepito. Si pu\u00f2 quindi ipotizzare che <strong>tra i fattori che determinano la nostra percezione del tempo ci sia anche la frequenza Schumann<\/strong>, e che questa giochi un ruolo importante. Per\u00f2 il nostro orologio era ormai assuefatto e tarato sulla frequenza di 7,83 Hz, ed ora che questa sta mutando, il cervello reagisce con la percezione di una accelerazione del tempo. In pratica le 24 ore di una giornata oggi sono percepite come 16.<\/p><p>Le conseguenze sono molteplici, incluso un forte stress legato all\u2019impressione di essere sempre in ritardo, di poter disporre di poco tempo. \u00c8 ovvio che si tratta solo di percezione, perch\u00e9 strumentalmente qualsiasi orologio ci dir\u00e0 che lo scorre del tempo \u00e8 immutato, ma al nostro cervello la realt\u00e0 oggettiva non importa, ci\u00f2 che viviamo come vero \u00e8 ci\u00f2 che percepiamo. Questa contrazione del tempo \u00e8 attiva anche di notte, durante le fasi del sonno, e quindi una ulteriore conseguenza \u00e8 lo svegliarsi la mattina come se si fosse dormito un numero di ore inferiori a quelle realmente passate a letto. Anche questo contribuisce ad aumentare il livello di stress.<\/p><h5><strong>La sindrome \u201cHarbar\u201d<\/strong><\/h5><p>\u201cSe non si recuperano gli equilibri naturali \u00e8 inevitabile la recrudescenza del male, degli agenti che sconvolgono la stabilit\u00e0 dei processi fisici e psichici, per cui l\u2019uomo continua a perdere, con progressiva debilitazione, la sua reale funzionalit\u00e0 nel processo evolutivo della creazione. Il coinvolgimento dei valori spirituali, morali e sociali diviene irreversibile e la follia s\u2019impadronisce della vita. <strong>L\u2019Harbar \u00e8 una progressiva destabilizzazione dei neuroni del cervello.<\/strong> Morbo che stimola il folle desiderio di uccidere e di uccidersi. \u00c8 un\u2019anomalia delle onde cerebrali provocata dall\u2019inquinamento. Harbar: inquinamento dei cervelli. Bisogna disinquinare i cervelli. La trasmissibilit\u00e0 degli elementi preposti a coltivare la vostra esistenza \u00e8 una verit\u00e0 incontestabile, tanto quanto \u00e8 vera l\u2019assimilazione di quanto degeneratamente deforma non solo le strutture genetiche,\u00a0 ma\u00a0 anche\u00a0 il\u00a0 normale\u00a0 sviluppo\u00a0 evolutivo\u00a0 della\u00a0 specie\u00a0 proiettata\u00a0 in\u00a0 altri\u00a0 valori dimensionali. Le strutture portanti del processo biodinamico sono costrette a subire anomalie che inducono a destabilizzare i flussi e riflussi degli insopprimibili valori esistenziali intimamente legati alla natura vivente delle cose create, uomo compreso.\u201d<\/p><p>Cos\u00ec <strong>Eugenio Siragusa<\/strong> prediceva l\u2019Harbar oltre cinquanta anni fa. Diceva ancora: \u201cLe carenze energetiche e alimentari si rivelano gravi, e non meno gravi sono le distonie neuroniche di numerosi cervelli prossime ad essere pienamente investite da un letale morbo (Harbar), cio\u00e8 distonia progressiva dei circuiti neuronici e quindi totale follia distruttiva, furia animalesca, impellente istinto di uccidere e di uccidersi. Mentre la pazzia \u00e8 il trauma di una parte del cervello e pu\u00f2 essere guaribile, la follia \u00e8 un disturbo dell\u2019equilibrio neuronico con decadenza progressiva.\u201d<\/p><p>In effetti le forze dell\u2019ordine si trovano ad indagare sempre pi\u00f9 spesso in casi di omicidio \/ suicidio dove manca un vero e proprio movente. Le perizie psichiatriche dimostrano che l\u2019omicida \u00e8 sano di mente, in piena facolt\u00e0 d\u2019intendere e volere, ma lo stesso non \u00e8 in grado di motivare l\u2019origine delle sue azioni delittuose.<\/p><p>Visto che questa sindrome \u00e8 strettamente legata alla funzionalit\u00e0 del cervello e che \u00e8 comparsa in modo diffuso in parallelo al cambiamento della Frequenza di Schumann, \u00e8 facile ipotizzare che ci sia una stretta connessione tra tutti questi fenomeni.<\/p><h5><strong>Una conseguenza positiva: il risveglio delle coscienze<\/strong><\/h5><p>L\u2019aver messo in moto la parte sub-cosciente del cervello ha comportato un <strong>generalizzato risveglio<\/strong> delle persone verso quella parte della realt\u00e0 che non si manifesta direttamente, cio\u00e8 quegli aspetti della materia che non ricadono nello spettro di misura dei nostri sensi.<\/p><p>L\u2019attuale fisica teorica imporrebbe nuovi modi di ragionare, ma il nostro cervello rifiuta il cambiamento, e continua a fidarsi pi\u00f9 delle sue percezioni che di quanto dice la scienza. L\u2019immortalit\u00e0 del corpo, l\u2019esistenza di pi\u00f9 mondi paralleli nei quali viviamo, l\u2019esistenza di pi\u00f9 universi paralleli, sono tutti concetti che la ragione tende a rifiutare.<\/p><p>Invece il sub-cosciente, strettamente legato alle emozioni, e cio\u00e8 alle memorie delle vite passate, quando viene risvegliato e messo in grado di comunicare con la parte cosciente, ci trasmette <strong>una percezione della realt\u00e0 molto diversa<\/strong>, pi\u00f9 vicina alla scienza ma anche al contenuto delle religioni. Sempre pi\u00f9 persone vivono esperienze particolari, legate a fenomeni che sino a ieri, per la nostra ignoranza scientifica, catalogavamo come \u201cesoterici\u201d, ma che oggi siamo in grado di spiegare.<\/p><p>Questo fenomeno \u00e8 importante non solo in prospettiva, ma anche immediatamente, per la guarigione della persona, che di fatto passa attraverso la guarigione del corpo materiale, cos\u00ec come dell\u2019anima, cio\u00e8 del corpo astrale.<\/p><h5><strong>Quali sono le nostre potenzialit\u00e0<\/strong><\/h5><p>Il nostro errore pi\u00f9 grande \u00e8 percepirci solo come un corpo fisico, pertanto esclusivamente immersi nella materia ma separati da tutto ci\u00f2 che nel mondo materiale vive.<\/p><p>In realt\u00e0 <strong>tutto ci\u00f2 che vive possiede una coscienza<\/strong> e cos\u00ec come la Terra stessa ha una coscienza, tutti gli esseri dell\u2019 Universo sono uniti, indipendentemente dallo spazio fisico che li separa.<\/p><p>Pertanto tutto ci\u00f2 che accade sul piano materiale, si espande e ripercuote sul piano spirituale e tutto ci\u00f2 che accade in un luogo, si espande e ripercuote a livelli diversi in tutto l\u2019 Universo.<\/p><p>Se accettiamo di leggere l\u2019Essere Umano come parte di un tutto, diventa difficile non comprendere che esso non \u00e8 solo un corpo fisico, ma anche <strong>un corpo spirituale<\/strong> che evolve attraverso le sue esperienze nella materia.<\/p><p>Quando l\u2019Uomo, attraverso il suo vivere quotidiano accetta di sperimentare se stesso, ne trae giovamento ed insegnamento anche sul piano spirituale, compiendo giorno dopo giorno l\u2019 evoluzione della sua coscienza o <strong>S\u00e9 Superiore<\/strong>.<\/p><p><strong>L\u2019Uomo non \u00e8 fatto pertanto soltanto di cellule, ma \u00e8 un complesso sistema costituito di quattro corpi, che si muovono in quattro dimensioni o mondi paralleli.<\/strong><\/p><p>Noi generalmente prendiamo in considerazione solo il corpo fisico ma\u00a0 si pu\u00f2 esemplificando dire che esiste un corpo eterico che d\u00e0 sostegno energetico al corpo fisico, un corpo astrale, sede delle emozioni, delle paure o dei sentimenti, ed un corpo mentale che utilizza il cervello come strumento. Questi corpi sono immersi in un campo aurico che alcuni chiaroveggenti possono vedere, fatto di molti colori.<\/p><p><strong>I corpi nel loro insieme vibrano su una data frequenza ed attirano a s\u00e9 tutto ci\u00f2 che\u00a0 si muove sulla loro stessa frequenza.<\/strong><\/p><p>Come dire che i simili si attirano.<\/p><p><strong>Proprio grazie allo scorrimento delle energie da un corpo all\u2019altro che le informazioni acquisite sul livello materiale, portano informazione a tutti gli altri livelli <\/strong>e tutto ci\u00f2 che \u00e8 compreso sul piano pi\u00f9 sottile e spirituale porta informazione sul piano della materia.<\/p><p>Quanto noi modificheremo a questo livello,\u00a0 sar\u00e0 modificato anche ai livelli superiori e ha in s\u00e9 la forza di modificare anche il Creato.<\/p><p>Proprio perch\u00e9 l\u2019Uomo \u00e8 in intima relazione con tutti i mondi, lo possiamo definire essere <strong>\u201cMultidimensionale\u201d.<\/strong><\/p><p>Ma \u00e8 proprio per questa sua potenzialit\u00e0 che \u00e8 in grado di modificare in bene e in male la realt\u00e0 che lo circonda.<\/p><h5><strong>Come scoprirle, esprimerle e utilizzarle<\/strong><\/h5><p>La maggior potenzialit\u00e0 dell\u2019Uomo \u00e8 quella di pensare, in quanto <strong>il pensiero ha in s\u00e9 un enorme potere creativo<\/strong> e ogni volta che l\u2019Uomo pensa o desidera o prova sentimenti o fa una azione, emana vibrazioni che si legano con tutto ci\u00f2 che esiste su quella stessa frequenza vibrazionale.<\/p><p><strong>Se il pensiero \u00e8 distruttivo e incentrato sul panico, sull\u2019odio e sulla violenza, allora esso avr\u00e0 ripercussioni distruttive anche sull\u2019ambiente<\/strong>, oltre che sugli stessi uomini che l\u2019hanno prodotto. Per contrario <strong>se il pensiero \u00e8 positivo e basato su sentimenti quale l\u2019amore, la gioia, l\u2019allegria, allora esso avr\u00e0 ripercussioni costruttive anche sull\u2019 ambiente<\/strong>, oltre che sugli stessi uomini che lo hanno prodotto.<\/p><p>Se finora l\u2019Uomo ha vissuto nell\u2019ignoranza, non si \u00e8 mai reso conto di quanto il suo stesso pensiero abbia influito nella sua vita e di quanto queste energie lo abbiano avvolto e appannato, modificando l\u2019utilizzo ottimale delle sue potenzialit\u00e0.<\/p><p>E inevitabilmente l\u2019ignoranza ha trascinato l\u2019Umanit\u00e0 attraverso numerose traversie che l\u2019hanno portata all\u2019 attuale infimo livello di consapevolezza.<\/p><p>Questo per\u00f2 pu\u00f2 essere servito ad acquisire tutte le informazioni e la saggezza necessaria per avvicinarsi alla sua vera realt\u00e0.<\/p><p>Nel momento in cui l\u2019Umanit\u00e0 prende atto che \u00e8 causa delle sue malattie, dell\u2019inquinamento, delle disuguaglianze sociali e anche di certe catastrofi naturali, pu\u00f2 modificare il suo atteggiamento e attraverso la consapevolezza acquisita attraverso queste innumerevoli\u00a0 esperienze, liberarsi da inutili e vecchi schemi mentali, riprendendo contatto con il proprio centro interiore ed <strong>operare per la sua guarigione e per quella del pianeta<\/strong>.<\/p><p>Difatti <strong>ognuno di noi ha la capacit\u00e0 potenziale di assumersi la responsabilit\u00e0 di se stesso, dei suoi pensieri,\u00a0 dei suoi sentimenti e di utilizzare le sue stesse potenzialit\u00e0 con consapevolezza per promuovere un cambiamento radicale in se stesso<\/strong> e per rendersi partecipe con la sua stessa scelta, del cambiamento di tutto ci\u00f2 che vive nell\u2019Universo o altrimenti di rimanere ancora intrappolato in una realt\u00e0 effimera.<\/p><h5><strong>Corpo cellulare e \u201cCorpo di Luce\u201d<\/strong><\/h5><p>Questo rinnovamento coincide con <strong>l\u2019 attivazione di un processo graduale di trasformazione <\/strong>che coinvolge tutto il nostro corpo fisico fino a cambiare completamente la sua struttura di base. Attraverso la capacit\u00e0 di incanalare alte frequenze vibrazionali fino a modificare le cellule che si comporranno di una maggiore quantit\u00e0 di Luce, al loro interno.<\/p><p>Questo processo viene chiamato <strong>\u201cattivazione del Corpo di Luce\u201d<\/strong>.<\/p><h5><strong>Verso l\u2019attivazione del \u201cCorpo di Luce\u201d<\/strong><\/h5><p>Il processo di attivazione avviene attraverso una <strong>evoluzione cellulare<\/strong>, cio\u00e8 la crescita spirituale si realizza e si manifesta attraverso i cambiamenti materiali.<\/p><p>Come abbiamo gi\u00e0 detto, tutto ci\u00f2 che accade sul piano materiale, si espande e ripercuote sul piano spirituale e sinergicamente tutto ci\u00f2 che accade sul piano materiale accresce di informazioni il livello spirituale.<\/p><p>L\u2019 incanalazione di pi\u00f9 Luce avviene attraverso processi diversi che si svolgono anche senza il nostro contributo consapevole, quali l\u2019 inalazione e la fotosintesi.<\/p><p>Da quando nasciamo a quando moriamo, noi respiriamo e inaliamo aria, inspirando ed espirando in un processo di dilatazione e compressione dei polmoni e quindi di ossigenazione del sangue ed eliminazione\u00a0 delle scorie.<\/p><p>Ma<strong> se noi respiriamo consapevoli di veicolare prana ovvero energia, possiamo<\/strong> <strong>accelerare il processo di rinnovamento cellulare<\/strong>\u00a0 se l\u2019 aria che respiriamo \u00e8 maggiormente\u00a0 pura e carica di nuova luce, che inaliamo insieme all\u2019 ossigeno.<\/p><p>Lo stesso accade quando ci esponiamo al Sole.<\/p><p>Infatti la fotosintesi \u00e8 un processo attraverso il quale tutto l\u2019 organismo assorbe luce, la veicola e scarta scorie rinnovando tutto il tessuto cellulare, caricandolo di energia, come dire \u201cenergizzata\u201d. Non si tratta di fotosintesi clorofilliana, come quella delle piante, ma \u00e8 <strong>fotosintesi anossigenica<\/strong> legata al ciclo dello zolfo, che in parte si svolge anche sulla nostra pelle, quando \u00e8 esposta alla luce. Uno dei pi\u00f9 grandi strumenti di rinnovamento cellulare \u00e8 il pensiero positivo perch\u00e9 ha in s\u00e9 energia carica di intenzioni positive quali embrioni manifestanti ottimismo e pertanto portatori di energia di rinnovamento.<\/p><p><strong>Chi \u00e8 contornato di pensiero positivo e ottimistico \u00e8 come respirasse e si nutrisse di energia pura e fluida e pertanto assimilabile in ogni condizione.<\/strong><\/p><p>Non dimentichiamo mai che <strong>la materia \u00e8 una forma di pensiero cristallizzato<\/strong>, <strong>quindi pensare positivo significa creare materia pulita<\/strong> o pulire la\u00a0 materia sporca, cio\u00e8 rinnovare il creato.<\/p><p>C\u2019 \u00e8 ancora un procedimento che consente di accelerare il rinnovamento cellulare e la modifica della forma delle cellule e la loro trasformazione e alterazione e pertanto \u00e8, qualora messo in opera al massimo livello, il metodo pi\u00f9 potente per trasformarsi e per trasformare, e questo procedimento \u00e8<strong> la preghiera<\/strong>.<\/p><p>Infatti <strong>la preghiera \u00e8 la massima espressione del pensiero positivo<\/strong>, capace di risalire tutte le basse frequenze per arrivare fino al mondo degli archetipi e modificare tutto ci\u00f2 che ha originato una alterazione.<\/p><p>La preghiera, qualora espressa dal profondo del cuore, ha <strong>grande forza vibrazionale <\/strong>e ha la capacit\u00e0 di apportare modifiche frequenziali attraverso le vibrazioni della parola, o dell\u2019azione, ancora pi\u00f9 indietro del pensiero e ancora oltre dell\u2019intenzione del pensiero.<\/p><p>Per questa sua forza attraverso la preghiera \u00e8 possibile fare miracoli, non perch\u00e9 si possano violare le leggi di natura, ma perch\u00e9 la natura stessa \u00e8 regolata dagli archetipi.<\/p><h5><strong>Guarigione<\/strong><\/h5><p>Le vie della guarigione sono molteplici, perch\u00e9 molteplici sono le vie della malattia. Siamo noi a creare le malattie, in certi casi, o a permetterle, in altre situazioni. Per\u00f2 in ogni caso <strong>ci ammaliamo solo perch\u00e9 il nostro pensiero interagisce con la materia.<\/strong><\/p><p>Le tecniche per la guarigione sono molteplici, perch\u00e9 molteplici sono le manifestazioni possibili dell\u2019energia e della materia. Usando le teorie della fisica relativistica e quantistica, il nostro corpo \u00e8 energia, ma anche \u00e8 vibrazione, ed anche quantit\u00e0 di calore.<\/p><p>Tutta la materia, corpo umano compreso, \u00e8 composta di <strong>atomi che vibrano secondo certe lunghezze d\u2019onda. <\/strong>Parlando di cromoterapia, l\u2019effetto terapeutico del colore sull\u2019organismo umano \u00e8 legato alla natura oscillatoria delle nostre cellule: il malessere, o la malattia, infatti non sono altro che una disarmonia del ritmo vibratorio cellulare su cui i colori possono avere potere armonizzante.<\/p><p><strong>Le frequenze dei colori interagiscono con le vibrazioni dell\u2019organismo, riequilibrandolo.<\/strong><\/p><p>Lo stesso vale per le tecniche che interagiscono con le altre modalit\u00e0 di manifestazione della materia. Ad esempio le acque di luce, che sono considerate acque spirituali, hanno valori energetici elevati ma non misurabili secondo i canoni tradizionali. Per\u00f2 le esperienze dell\u2019ultimo decennio hanno ormai dimostrato scientificamente, ad esempio, il rapporto tra pensiero umano e stato molecolare dell\u2019acqua.<\/p><p>Oltre la fotosintesi, \u00e8 noto sin dal tempo antico il potere curativo della fototerapia, che prevede l\u2019utilizzo della luce solare che attiva una catena di reazioni biochimiche all\u2019interno delle cellule stimolando il metabolismo e rinforzando la risposta comunitaria di tutto il corpo.<\/p><p>Ai giorni d\u2019oggi \u00e8 molto in voga il Reiki, che \u00e8 una tecnica energetica di guarigione che utilizza l\u2019energia universale, detta \u201cPrana\u201d. Altres\u00ec sono ormai diffusi i farmaci fitoterapici e quelli omeopatici, dove i primi operano grazie ai principi attivi delle erbe, mentre i secondi operano grazie all\u2019interferenza dell\u2019acqua con i corpi sottili.<\/p><p>Il \u201clavaggio energetico\u201d, che pu\u00f2 essere fatto in molti modi, tende a liberare la persona da traumi, dei quali a volte ha perso la consapevolezza, che per\u00f2 continuano a provocare profondi squilibri. Non possiamo tralasciare di menzionare la naturopatia, che tende a lavorare in base alla persona e non in base al sintomo, utilizzando pi\u00f9 tecniche.<\/p><p>La medicina olistica cerca di prendere il meglio di quanto detto, per elaborare una visione integrata del tutto, dove la persona non \u00e8 solo un paziente, ma un individuo e non la somma di parti fisiche o psichiche pi\u00f9 o meno malate.<\/p><p>I punti cardine della visione olistica sono:<\/p><p>&#8211; persone e non malattia, quindi ricerca della salute<\/p><p>&#8211; causa e non sintomo<\/p><p>&#8211; sistemi e non organi<\/p><p>&#8211; persona ed ambiente<\/p><p>&#8211; riequilibrare invece che curare<\/p><p>&#8211; stimolare l\u2019auto guarigione.<\/p><h5><strong>Conclusioni<\/strong><\/h5><p>Considerato che le malattie si insediano nel corpo fisico come avviso di un <strong>malessere dei piani pi\u00f9 sottili dell\u2019Essere<\/strong>, \u00e8 importante prendere coscienza che siamo noi i creatori delle nostre malattie perch\u00e9 solo cos\u00ec possiamo decretarne la guarigione.<\/p><p><strong>La malattia si insedia quando ci cristallizziamo su delle esperienze che hanno generato sofferenza, su ci\u00f2 che non abbiamo potuto accettare della nostra vita e su tutte le nostre esperienze pi\u00f9 difficili. <\/strong>Facciamo insomma fatica ad eliminare da noi queste energie che ci frenano.<\/p><p>Nel momento in cui siamo consapevoli delle dinamiche che poniamo in opera, possiamo fare <strong>un lavoro di liberazione<\/strong>, lasciando andare tutto ci\u00f2 che abbiamo interpretato e giudicato delle nostre esperienze e di noi stessi, a favore del perdono, della accettazione e della tolleranza in rapporto a ci\u00f2 che siamo e a ci\u00f2 che sono gli altri.<\/p><p><strong>Percepire l\u2019Amore che \u00e8 in noi e che chiede soltanto di riuscire ad esprimersi, attiver\u00e0 in noi una coscienza completamente diversa<\/strong>, che ci permetter\u00e0 di dare ma ancor pi\u00f9 di ricevere, perch\u00e9 se nell\u2019umano dare \u00e8 gratificante, saper ricevere ci mette nelle condizioni di avvicinarci al nostro divino.<\/p><p>Se non accettiamo di noi che siamo bene e male e che non c\u2019\u00e8 nulla di errato in questo, ma siamo esseri che vivono nella dualit\u00e0, la paura continuer\u00e0 a nasconderci la verit\u00e0 e a velare la conoscenza di noi stessi e del nostro reale essere.<\/p><p><strong>Noi siamo per irradiare Saggezza, Luce e Gioia e soprattutto Amore.<\/strong> E l\u2019Amore non fallisce mai. La Vita, con tutti i suoi momenti di gioia e di tristezza e speranza e paura, \u00e8 la nostra sola occasione di apprendere l\u2019Amore, il modo in cui l\u2019Amore pu\u00f2 essere, com\u2019\u00e8 stato e com\u2019\u00e8.<\/p><p><strong>E allora senza rinvii, senza paura di soffrire, AMA.<\/strong><\/p>\t\t\t\t\t\t\t\t<\/div>\n\t\t\t\t<\/div>\n\t\t\t\t\t<\/div>\n\t\t<\/div>\n\t\t\t\t\t<\/div>\n\t\t<\/section>\n\t\t\t\t<\/div>\n\t\t","protected":false},"excerpt":{"rendered":"<p>Onde cerebrali, variazione delle risonanze Terra-Ionosfera (Frequenze di Schumann), degenerazione neuronale (Harbar) e attivazione del \u201cCorpo di Luce\u201d Abstract Le onde cerebrali variano dai 0,5 ai 42 Hz, mentre la Frequenza fondamentale di Schumann ha improvvisamente iniziato ad aumentare, passando da 7,83 Hz a 11,3Hz nel 2006. Questa variazione influenza il funzionamento del cervello in [&hellip;]<\/p>\n","protected":false},"author":1,"featured_media":7398,"comment_status":"closed","ping_status":"open","sticky":false,"template":"","format":"standard","meta":{"_acf_changed":false,"footnotes":""},"categories":[38],"tags":[],"class_list":["post-1178","post","type-post","status-publish","format-standard","has-post-thumbnail","hentry","category-articoli"],"acf":[],"_links":{"self":[{"href":"https:\/\/www.dottabbate.com\/it\/wp-json\/wp\/v2\/posts\/1178","targetHints":{"allow":["GET"]}}],"collection":[{"href":"https:\/\/www.dottabbate.com\/it\/wp-json\/wp\/v2\/posts"}],"about":[{"href":"https:\/\/www.dottabbate.com\/it\/wp-json\/wp\/v2\/types\/post"}],"author":[{"embeddable":true,"href":"https:\/\/www.dottabbate.com\/it\/wp-json\/wp\/v2\/users\/1"}],"replies":[{"embeddable":true,"href":"https:\/\/www.dottabbate.com\/it\/wp-json\/wp\/v2\/comments?post=1178"}],"version-history":[{"count":9,"href":"https:\/\/www.dottabbate.com\/it\/wp-json\/wp\/v2\/posts\/1178\/revisions"}],"predecessor-version":[{"id":7928,"href":"https:\/\/www.dottabbate.com\/it\/wp-json\/wp\/v2\/posts\/1178\/revisions\/7928"}],"wp:featuredmedia":[{"embeddable":true,"href":"https:\/\/www.dottabbate.com\/it\/wp-json\/wp\/v2\/media\/7398"}],"wp:attachment":[{"href":"https:\/\/www.dottabbate.com\/it\/wp-json\/wp\/v2\/media?parent=1178"}],"wp:term":[{"taxonomy":"category","embeddable":true,"href":"https:\/\/www.dottabbate.com\/it\/wp-json\/wp\/v2\/categories?post=1178"},{"taxonomy":"post_tag","embeddable":true,"href":"https:\/\/www.dottabbate.com\/it\/wp-json\/wp\/v2\/tags?post=1178"}],"curies":[{"name":"wp","href":"https:\/\/api.w.org\/{rel}","templated":true}]}}