{"id":2379,"date":"2020-08-06T14:24:16","date_gmt":"2020-08-06T14:24:16","guid":{"rendered":"https:\/\/www.dottabbate.it\/?p=676"},"modified":"2022-02-23T11:21:46","modified_gmt":"2022-02-23T10:21:46","slug":"108-pioggia-e-conseguenze-sul-corpo","status":"publish","type":"post","link":"https:\/\/www.dottabbate.com\/it\/108-pioggia-e-conseguenze-sul-corpo\/","title":{"rendered":"FORTI PIOGGE E CONSEGUENZE SUL CORPO (2013)"},"content":{"rendered":"\t\t<div data-elementor-type=\"wp-post\" data-elementor-id=\"2379\" class=\"elementor elementor-2379\" data-elementor-post-type=\"post\">\n\t\t\t\t\t\t<section class=\"elementor-section elementor-top-section elementor-element elementor-element-67437c7d elementor-section-boxed elementor-section-height-default elementor-section-height-default\" data-id=\"67437c7d\" data-element_type=\"section\" data-e-type=\"section\">\n\t\t\t\t\t\t<div class=\"elementor-container elementor-column-gap-default\">\n\t\t\t\t\t<div class=\"elementor-column elementor-col-100 elementor-top-column elementor-element elementor-element-2d297fdf\" data-id=\"2d297fdf\" data-element_type=\"column\" data-e-type=\"column\">\n\t\t\t<div class=\"elementor-widget-wrap elementor-element-populated\">\n\t\t\t\t\t\t<div class=\"elementor-element elementor-element-42bd3a6 elementor-widget elementor-widget-dyncontel-featured-image\" data-id=\"42bd3a6\" data-element_type=\"widget\" data-e-type=\"widget\" data-widget_type=\"dyncontel-featured-image.default\">\n\t\t\t\t<div class=\"elementor-widget-container\">\n\t\t\t\t\t<div class=\"dce-featured-image \"><div class=\"mask\"><div class=\"wrap-filters\"><img decoding=\"async\" src=\"https:\/\/www.dottabbate.com\/wp-content\/uploads\/pioggia-su-di-noi.jpg\" \/><\/div><\/div><div class=\"dce-overlay\"><\/div><\/div>\t\t\t\t<\/div>\n\t\t\t\t<\/div>\n\t\t\t\t<div class=\"elementor-element elementor-element-190d8504 elementor-widget elementor-widget-text-editor\" data-id=\"190d8504\" data-element_type=\"widget\" data-e-type=\"widget\" data-widget_type=\"text-editor.default\">\n\t\t\t\t<div class=\"elementor-widget-container\">\n\t\t\t\t\t\t\t\t\t\n<p><strong>Situazione climatica anomala<\/strong><br><br><strong>Che la situazione climatica sia anomala credo che tutti se ne siano resi conto.<\/strong> In particolare l&#8217;Europa \u00e8 attualmente stata esposta a una notevole quantit\u00e0 di piogge, e l&#8217;Italia \u00e8 stato uno dei paesi pi\u00f9 bersagliati, anche se i danni all&#8217;estero sono stati maggiori.<br><br>Le previsioni per i prossimi giorni restano legate a forti perturbazioni in arrivo e una bassa pressione, centrata proprio sul nostro Paese, che non accenna a diminuire.<br>Voglio subito chiarire che da un punto di vista statistico l&#8217;anomalia in atto non \u00e8 tale da potersi dire eccezionale, perch\u00e9 situazioni analoghe si sono gi\u00e0 presentate in passato, ma si pu\u00f2 catalogare come importante, perch\u00e9 non frequente e non in linea con la stagione.<br><br>Questa situazione deve per\u00f2 essere correlata al particolare momento storico che stiamo vivendo.<\/p>\n\n\n\n<h4><strong>Acqua ed emozioni<\/strong><\/h4>\n\n\n\n<p>Credo che tutti siano consapevoli dello <strong>stretto legame tra acqua ed emozioni<\/strong>. Approfitto dell&#8217;occasione per chiarire due concetti fondamentali. Le emozioni sono simultaneamente dentro e fuori lo spazio \/ tempo. Le emozioni sono oggettivamente nello spazio tempo, almeno a livello individuale, perch\u00e9 sono collocate ad eventi delle nostre vite. Quindi una emozione \u00e8 stata vissuta in un certo momento e in un certo luogo. Questa \u00e8 collegata all&#8217;anima, e non al nostro cervello, e quindi \u00e8 collegata ad un insieme di elettroni. <\/p>\n\n\n\n<p>Qui scatta <strong>il dualismo di queste particelle<\/strong>, quindi l&#8217;emozione \u00e8 simultaneamente fuori dallo spazio \/ tempo nel momento che viene percepita. La percezione delle emozioni da parte della nostra mente \u00e8 fuori da una logica temporale: una emozione importante, anche se risale a mille anni fa, viene percepita come attuale. La seconda considerazione fondamentale \u00e8 che emozione ed emotivit\u00e0 sono due cose profondamente diverse.<\/p>\n\n\n\n<p><strong>Le emozioni non hanno n\u00e9 forma n\u00e9 colore, non sono n\u00e9 positive n\u00e9 negative.<\/strong> Sono, e basta. Per\u00f2 quando il nostro cervello elabora una emozione la trasforma in una immagine mentale, di tipo emotivo. Questa assume forma e colore, si tinge di toni cupi o rosei a seconda del nostro stato mentale, quindi si trasforma in un&#8217;idea positiva o negativa. <\/p>\n\n\n\n<p>Questo \u00e8 il frutto della nostra emotivit\u00e0, che deve essere distinta dalle emozioni che risiedono nella nostra anima. Come vedremo nel seguito, quello che sta piovendo \u00e8 frutto delle emozioni da noi liberate nell&#8217;ultimo decennio.<\/p>\n\n\n\n<h4><strong>Acqua miglior conduttore d&#8217;informazioni<\/strong><\/h4>\n\n\n\n<p>Il secondo elemento che dobbiamo considerare \u00e8 la capacit\u00e0 dell&#8217;acqua di contenere importanti quantit\u00e0 d&#8217;informazione. Ormai la fisica ha confermato in modo certo questa asserzione, quindi credo che nessuno possa smentirla. Ma allora da questo punto di vista dire che piove equivale a dire che una grande mole d&#8217;informazioni si sta riversando sulla Terra, e da questa viene assorbita e messa in circolo. Ma quali informazioni stanno piovendo?<\/p>\n\n\n\n<p>Altro fenomeno fisico ormai certo \u00e8 che si mettono alcune gocce di acqua con una certa informazione in una molto pi\u00f9 grande quantit\u00e0 d&#8217;acqua, questa rapidamente assorbe le nuove informazioni, e le fa proprie. Questo fenomeno, alla base dei processi della omeopatia, risulta importante nelle considerazioni che faremo.<\/p>\n\n\n\n<h4><strong>Cosa piove?<\/strong><\/h4>\n\n\n\n<p>Piove acqua, cio\u00e8 piovono informazioni, <strong>ma di piogge ne esistono due tipi.<\/strong> Per capire questo concetto bisogna rifarsi alla Cabala. Dalla Genesi risulta evidente che esistono due tipi diversi di pioggia. Una deriva dalle emozioni che cadono dal Cielo superiore, e questo non \u00e8 il nostro caso. Un&#8217;altra pioggia \u00e8 quella che deriva dal ciclo dell&#8217;Acqua sulla Terra. <\/p>\n\n\n\n<p>In questo caso l&#8217;acqua che evapora dalla Terra per poi ricadere \u00e8 portatrice di tutte le informazioni di cui si \u00e8 caricata. Questo \u00e8 proprio quello che sta succedendo. La pioggia che cade in questi giorni \u00e8 tipicamente terrena, e lo si capisce anche dalla tipologia delle nubi, ed \u00e8 portatrice di tutte le informazioni che abbiamo sedimentato nell&#8217;ultimo decennio, informazioni di paura, di sconforto, spesso di follia. <\/p>\n\n\n\n<p>Ci\u00f2 che ricade su di noi \u00e8 la paura della crisi, di non farcela, delle guerre potenziali o in atto, della violenze domestiche o sociali, e cos\u00ec via. Se dovessi elencare tutte le paure circolanti, riempirei pagine intere. D&#8217;altra parte basta ascoltare un telegiornale per averne un&#8217;ampia carrellata. In realt\u00e0 ci\u00f2 che cade dal cielo non \u00e8 negativo in s\u00e9, perch\u00e9 sono emozioni pure, ma purtroppo queste evocano nella nostra mente solo una emotivit\u00e0 negativa, perch\u00e9 non siamo ancora usciti da questo periodo di transizione. &nbsp;Cos\u00ec le emozioni diventano &#8220;negative&#8221;. E le persone iniziano anche ad aver paura di questa pioggia continua, e iniziano a chiedersi: &#8220;Quando torner\u00e0 il Sole?&#8221;.<\/p>\n\n\n\n<h4><strong>Il fenomeno fisico: passaggio delle informazioni nel cibo<\/strong><\/h4>\n\n\n\n<p>Ora voglio portare la vostra attenzione sul <strong>ciclo naturale dell&#8217;acqua<\/strong>. La pioggia viene assorbita in un caso dal terreno e in un secondo caso si disperde in mari, laghi o fiumi. Nel primo caso entra nel ciclo vitale immediatamente essendo assorbita dalle radici delle piante. Una parte di questa acqua confluisce anche nei fiumi e, unendosi a quella del secondo caso, modifica le informazioni degli stessi, arrivando pi\u00f9 lentamente ad entrare nella nostra acqua potabile. Con questo ciclo arriva anche nell&#8217;acqua data da bere agli animali, e attraverso le loro carni successivamente a noi. Preferisco semplificare il discorso, e concentrare l&#8217;attenzione solo sul primo caso, quello dove la pioggia irrora i terreni.<\/p>\n\n\n\n<h4><strong>Quali cibi sono subito coinvolti?<\/strong><\/h4>\n\n\n\n<p>Quali cibi vengono per primi coinvolti e trasformati dalle informazioni contenute nella pioggia? Certamente quelli che giungono rapidamente a maturazione, e crescono velocemente. Ad esempio le verdure. Inoltre <strong>pi\u00f9 elevato \u00e8 il contenuto d&#8217;acqua nel cibo, maggiore sar\u00e0 l&#8217;effetto sul nostro organismo.<\/strong> E quindi le verdure, ad esempio le insalate, restano in testa alla classifica. Alla lunga tutti i cibi saranno coinvolti, ma nell&#8217;immediato questo \u00e8 il cibo principale.<\/p>\n\n\n\n<h4><strong>Conseguenze sul corpo<\/strong><\/h4>\n\n\n\n<p>Di conseguenza mangiare insalata o verdure diventa, in questa situazione, il miglior modo di fare entrare subito nel nostro circolo vitale queste informazioni. Purtroppo per\u00f2 questo ha effetti negativi, come abbiamo detto, perch\u00e9 scatena reazioni emotive che vanno in questo verso. Particolarmente chi \u00e8 vegetariano dovr\u00e0 tenerne conto in queste settimane. <\/p>\n\n\n\n<p>La sensazione sar\u00e0 quella che il corpo sia intossicato. Per\u00f2 spesso la reazione del corpo pu\u00f2 essere errata rispetto alla situazione, nel senso che a fronte di una intossicazione lo stimolo \u00e8 spesso quello di bere pi\u00f9 acqua, e magari cibarsi solo di frutta, il che invece di risolvere il problema, lo peggiora. Un modo per limitare il fenomeno \u00e8 di mangiare cibi disidratati, tipo fichi secchi o noci o mandorle, per fare alcuni esempi. Ma questa non \u00e8 un&#8217;alimentazione equilibrata, e poi in ogni caso c&#8217;\u00e8 il bere. Inoltre non \u00e8 bene non affrontare le prove.<\/p>\n\n\n\n<h4><strong>Cosa fare?<\/strong><\/h4>\n\n\n\n<p><strong>Molti benedicono il cibo prima di mangiare, e questa \u00e8 una prassi estremamente importante e benefica.<\/strong> Quindi, per chi lo fa, bene mantenerla, ma non basta in questa situazione eccezionale. Adesso \u00e8 necessario trasformare il contenuto informativo del cibo e delle bevande, e questo non avviene attraverso una benedizione. L&#8217;opera deve avvenire dentro di noi, dopo che abbiamo immesso il cibo nell&#8217;organismo e prima che questo venga assorbito. Cerchiamo di capire come innescare questo processo.<\/p>\n\n\n\n<h4><strong>Non possiamo trasformare l&#8217;informazione che \u00e8 nell&#8217;acqua<\/strong><\/h4>\n\n\n\n<p><strong>L&#8217;informazione che \u00e8 nell&#8217;acqua \u00e8 quella che \u00e8, non pu\u00f2 essere modificata.<\/strong> Questa informazione entra in noi e, se non facciamo nulla, si diffonde nelle nostre cellule. Non solo, essendo il corpo legato all&#8217;anima, si &#8220;irradia&#8221; nell&#8217;anima, sotto forma di emozioni. Queste emozioni a loro volta ritornano alla nostra mente, e qui si trasformano in reazioni emotive, che a loro volta influenzano le cellule e l&#8217;acqua ivi contenuta, ma stavolta provocano anche mutazioni del DNA. Pertanto questi cicli, che sono sempre attivi al nostro interno, non possono essere modificati. L&#8217;unica possibilit\u00e0 che vedo \u00e8 quella d&#8217;intervenire all&#8217;atto dell&#8217;assunzione del cibo o delle bevande, perch\u00e9 non possiamo trasformare in modo semplice l&#8217;informazione una volta assimilata. <\/p>\n\n\n\n<p>Se questo \u00e8 gi\u00e0 accaduto, possiamo egualmente intervenire, ma ci\u00f2 richiede molta pi\u00f9 energia ed esperienza. Con una buona dose di concentrazione e magari con l&#8217;aiuto della meditazione \u00e8 sempre possibile trasformare noi stessi, e questo significa non intervenire sulla materia prima, ma sulle nostre cellule e sul DNA. Sappiamo che questo \u00e8 possibile, ma \u00e8 difficile per la maggior parte delle persone. Quindi meglio intervenire prima: prevenire \u00e8 sempre meglio che combattere.<\/p>\n\n\n\n<h4><strong>Il meccanismo \u00e8 quello della sostituzione<\/strong><\/h4>\n\n\n\n<p>Il meccanismo che possiamo utilizzare \u00e8 quello della sostituzione. Visto che l&#8217;informazione non \u00e8 modificabile, \u00e8 possibile intervenire <strong>sostituendo una informazione con la sua duale.<\/strong> Sfruttiamo il meccanismo della dualit\u00e0, che noi stessi nella storia abbiamo distorto creando quella negativit\u00e0 che ora piove su di noi. Nel divino tutto \u00e8 positivo, sia il bene che il male, ma nell&#8217;umano esiste il positivo e il negativo. Allora il meccanismo utilizzabile \u00e8 cogliere quanto di negativo entra in noi e sostituirlo con l&#8217;aspetto del male &#8220;positivo&#8221; di livello divino. Siamo cos\u00ec abituati a pensare il male associato al negativo che mi rendo conto che quanto scrivo risulta di difficile comprensione, Quindi far\u00f2 un esempio. <\/p>\n\n\n\n<p>Se subito dopo mangiato percepiamo un forte cerchio alla testa, con un istinto a urlare, risaliamo all&#8217;emozione che sta provocando questo. Supponiamo che l&#8217;emozione che si palesa sia quella di aver accoltellato qualcuno. La nostra emotivit\u00e0, a fronte di una immagine che ci ricorda un nostro passato, ci porta subito a giudicare questa azione come repellente e da allontanare dalla nostra mente. Invece accogliamola, per fare questo passaggio: ammazzare \u00e8 negativo, ma se lo penso nella logica del bene e del male, allora \u00e8 l&#8217;esperienza attraverso la quale ho imparato il valore della Vita. Ho ammazzato, che \u00e8 male, ma questo mi ha portato al bene, perch\u00e9 ora conosco il valore della Vita. Quindi quest&#8217;acqua, che mi porterebbe a scatenare di nuovo l&#8217;istinto di ammazzare, si trasforma in un&#8217;acqua benedetta, che mi ricorda la mia umilt\u00e0, la mia gioia di vivere, il mio rispetto per ogni forma di vita.<\/p>\n\n\n\n<h4><strong>La danza del Sole<\/strong><\/h4>\n\n\n\n<p>Tutti stiamo invocando il Sole. Solo che nella tradizione popolare troviamo sempre la danza della pioggia, perch\u00e9 di solito \u00e8 la siccit\u00e0 che deve essere combattuta. Invece in questo caso dobbiamo fare riferimento a una danza del Sole. Credo che ormai sia chiaro a tutti che non serve un rito fisico, <strong>basta una immagine mentale<\/strong>. E quindi v&#8217;invito a danzare tutti con me alla danza del Sole. Alla sera, alla mattina, quando volete, pensatevi in un grande cerchio, mentre ci teniamo tutti per mano, e cantate con me l&#8217;inno al Sole. Abbiamo bisogno del suo calore, della sua presenza rassicurante. Qualcuno non conosce l&#8217;inno al Sole? L&#8217;inno al sole \u00e8 considerata un&#8217;opera magistrale della letteratura religiosa. Questo canto di amore e entusiasmo, il pi\u00f9 vibrante tramandatoci dalla letteratura dell&#8217;antico Egitto, viene attribuito al faraone Akhenaton.<\/p>\n\n\n\n<p>Ecco dove potete trovarlo: <a target=\"_blank\" href=\"http:\/\/www.novarmonia.it\/uncategorized\/inno-al-sole-del-faraone-akhenaton-2\/\" rel=\"noreferrer noopener\">http:\/\/www.novarmonia.it\/uncategorized\/inno-al-sole-del-faraone-akhenaton-2\/<\/a><\/p>\n\n\n\n<p>Che Dio ci benedica.<\/p>\n\n\n\n<p><br><em>Gian Piero Abbate<\/em><br><em>Pordenone, 31\/05\/2013<\/em><\/p>\n\t\t\t\t\t\t\t\t<\/div>\n\t\t\t\t<\/div>\n\t\t\t\t\t<\/div>\n\t\t<\/div>\n\t\t\t\t\t<\/div>\n\t\t<\/section>\n\t\t\t\t<\/div>\n\t\t","protected":false},"excerpt":{"rendered":"<p>Situazione climatica anomala Che la situazione climatica sia anomala credo che tutti se ne siano resi conto. In particolare l&#8217;Europa \u00e8 attualmente stata esposta a una notevole quantit\u00e0 di piogge, e l&#8217;Italia \u00e8 stato uno dei paesi pi\u00f9 bersagliati, anche se i danni all&#8217;estero sono stati maggiori. Le previsioni per i prossimi giorni restano legate [&hellip;]<\/p>\n","protected":false},"author":1,"featured_media":7531,"comment_status":"closed","ping_status":"open","sticky":false,"template":"","format":"standard","meta":{"_acf_changed":false,"footnotes":""},"categories":[38],"tags":[59],"class_list":["post-2379","post","type-post","status-publish","format-standard","has-post-thumbnail","hentry","category-articoli","tag-cambiamento-climatico"],"acf":[],"_links":{"self":[{"href":"https:\/\/www.dottabbate.com\/it\/wp-json\/wp\/v2\/posts\/2379","targetHints":{"allow":["GET"]}}],"collection":[{"href":"https:\/\/www.dottabbate.com\/it\/wp-json\/wp\/v2\/posts"}],"about":[{"href":"https:\/\/www.dottabbate.com\/it\/wp-json\/wp\/v2\/types\/post"}],"author":[{"embeddable":true,"href":"https:\/\/www.dottabbate.com\/it\/wp-json\/wp\/v2\/users\/1"}],"replies":[{"embeddable":true,"href":"https:\/\/www.dottabbate.com\/it\/wp-json\/wp\/v2\/comments?post=2379"}],"version-history":[{"count":6,"href":"https:\/\/www.dottabbate.com\/it\/wp-json\/wp\/v2\/posts\/2379\/revisions"}],"predecessor-version":[{"id":8069,"href":"https:\/\/www.dottabbate.com\/it\/wp-json\/wp\/v2\/posts\/2379\/revisions\/8069"}],"wp:featuredmedia":[{"embeddable":true,"href":"https:\/\/www.dottabbate.com\/it\/wp-json\/wp\/v2\/media\/7531"}],"wp:attachment":[{"href":"https:\/\/www.dottabbate.com\/it\/wp-json\/wp\/v2\/media?parent=2379"}],"wp:term":[{"taxonomy":"category","embeddable":true,"href":"https:\/\/www.dottabbate.com\/it\/wp-json\/wp\/v2\/categories?post=2379"},{"taxonomy":"post_tag","embeddable":true,"href":"https:\/\/www.dottabbate.com\/it\/wp-json\/wp\/v2\/tags?post=2379"}],"curies":[{"name":"wp","href":"https:\/\/api.w.org\/{rel}","templated":true}]}}