{"id":5232,"date":"2021-11-13T11:51:11","date_gmt":"2021-11-13T11:51:11","guid":{"rendered":"https:\/\/www.dottabbate.it\/?p=5232"},"modified":"2022-02-21T17:39:17","modified_gmt":"2022-02-21T16:39:17","slug":"ave-maria","status":"publish","type":"post","link":"https:\/\/www.dottabbate.com\/it\/ave-maria\/","title":{"rendered":"Ave Maria"},"content":{"rendered":"\t\t<div data-elementor-type=\"wp-post\" data-elementor-id=\"5232\" class=\"elementor elementor-5232\" data-elementor-post-type=\"post\">\n\t\t\t\t\t\t<section class=\"elementor-section elementor-top-section elementor-element elementor-element-2b8cd0a elementor-section-boxed elementor-section-height-default elementor-section-height-default\" data-id=\"2b8cd0a\" data-element_type=\"section\" data-e-type=\"section\">\n\t\t\t\t\t\t<div class=\"elementor-container elementor-column-gap-default\">\n\t\t\t\t\t<div class=\"elementor-column elementor-col-100 elementor-top-column elementor-element elementor-element-bb59b48\" data-id=\"bb59b48\" data-element_type=\"column\" data-e-type=\"column\">\n\t\t\t<div class=\"elementor-widget-wrap elementor-element-populated\">\n\t\t\t\t\t\t<div class=\"elementor-element elementor-element-0676f40 elementor-widget elementor-widget-video\" data-id=\"0676f40\" data-element_type=\"widget\" data-e-type=\"widget\" data-settings=\"{&quot;youtube_url&quot;:&quot;https:\\\/\\\/www.youtube.com\\\/watch?v=dh12Z-x6ntU&amp;t=1s&quot;,&quot;video_type&quot;:&quot;youtube&quot;,&quot;controls&quot;:&quot;yes&quot;}\" data-widget_type=\"video.default\">\n\t\t\t\t<div class=\"elementor-widget-container\">\n\t\t\t\t\t\t\t<div class=\"elementor-wrapper elementor-open-inline\">\n\t\t\t<div class=\"elementor-video\"><\/div>\t\t<\/div>\n\t\t\t\t\t\t<\/div>\n\t\t\t\t<\/div>\n\t\t\t\t\t<\/div>\n\t\t<\/div>\n\t\t\t\t\t<\/div>\n\t\t<\/section>\n\t\t\t\t<section class=\"elementor-section elementor-top-section elementor-element elementor-element-0f02115 elementor-section-boxed elementor-section-height-default elementor-section-height-default\" data-id=\"0f02115\" data-element_type=\"section\" data-e-type=\"section\">\n\t\t\t\t\t\t<div class=\"elementor-container elementor-column-gap-default\">\n\t\t\t\t\t<div class=\"elementor-column elementor-col-100 elementor-top-column elementor-element elementor-element-7915ed7\" data-id=\"7915ed7\" data-element_type=\"column\" data-e-type=\"column\">\n\t\t\t<div class=\"elementor-widget-wrap elementor-element-populated\">\n\t\t\t\t\t\t\t<\/div>\n\t\t<\/div>\n\t\t\t\t\t<\/div>\n\t\t<\/section>\n\t\t\t\t<section class=\"elementor-section elementor-top-section elementor-element elementor-element-1cdf3c9 elementor-section-boxed elementor-section-height-default elementor-section-height-default\" data-id=\"1cdf3c9\" data-element_type=\"section\" data-e-type=\"section\">\n\t\t\t\t\t\t<div class=\"elementor-container elementor-column-gap-default\">\n\t\t\t\t\t<div class=\"elementor-column elementor-col-100 elementor-top-column elementor-element elementor-element-da3691c\" data-id=\"da3691c\" data-element_type=\"column\" data-e-type=\"column\">\n\t\t\t<div class=\"elementor-widget-wrap elementor-element-populated\">\n\t\t\t\t\t\t<div data-dce-text-color=\"#000000\" class=\"elementor-element elementor-element-afbd534 elementor-widget elementor-widget-text-editor\" data-id=\"afbd534\" data-element_type=\"widget\" data-e-type=\"widget\" data-widget_type=\"text-editor.default\">\n\t\t\t\t<div class=\"elementor-widget-container\">\n\t\t\t\t\t\t\t\t\t<p><span style=\"font-weight: 400;\">Ave Maria \u00e8 la preghiera pi\u00f9 recitata dai cristiani in tutte le confessioni e deriva dal Vangelo di Luca in diverse versioni.<\/span><\/p><h2><b>La Storia dell&#8217;Ave Maria<\/b><\/h2><p><span style=\"font-weight: 400;\">L\u2019Ave Maria \u00e8 una preghiera suddivisa in <\/span><b>tre parti<\/b><span style=\"font-weight: 400;\">:<\/span><\/p><ol><li style=\"font-weight: 400;\" aria-level=\"1\"><span style=\"font-weight: 400;\">La prima \u00e8 <\/span><b>collegata al saluto dell\u2019Arcangelo Gabriele<\/b><span style=\"font-weight: 400;\"> a Maria ed incarna la parte pi\u00f9 antica<\/span><\/li><li style=\"font-weight: 400;\" aria-level=\"1\"><span style=\"font-weight: 400;\">La seconda parte inizia con \u201cTu sei benedetta tra la donne\u201d e deriva dal <\/span><b>saluto di Elisabetta a Maria\u00a0<\/b><\/li><li style=\"font-weight: 400;\" aria-level=\"1\"><span style=\"font-weight: 400;\">La terza parte inizia con \u201cSanta Maria Madre di Dio\u201d , una<\/span><b> invenzione<\/b><span style=\"font-weight: 400;\"> abbastanza recente <\/span><b>della Chiesa Cattolica<\/b><span style=\"font-weight: 400;\">, ufficializzata nel 1568 nel breviario romano di Papa Pio V.<\/span><\/li><\/ol><p><span style=\"font-weight: 400;\">Le prime due parti della preghiera si riscontrano in tutte le tradizioni nonostante la seconda parte sia stata addotta nell\u2019alto Medioevo.\u00a0<\/span><\/p><p><span style=\"font-weight: 400;\">L\u2019<\/span><b>ultima parte<\/b><span style=\"font-weight: 400;\"> invece, dal momento che \u00e8 stata aggiunta in modo del tutto arbitrario, <\/span><b>non trova corrispondenza alcuna nelle altre chiese cristiane<\/b><span style=\"font-weight: 400;\">: non c\u2019\u00e8 nella preghiera protestante e non c\u2019\u00e8 in quella ortodossa.<\/span><\/p><p><span style=\"font-weight: 400;\">In effetti se si analizza il suo testo, emerge in modo chiaro e diretto che il contenuto \u00e8 contrario agli insegnamenti di Ges\u00f9 ed il <\/span><b>messaggio inconscio<\/b><span style=\"font-weight: 400;\"> che arriva \u00e8 del tutto <\/span><b>negativo<\/b><span style=\"font-weight: 400;\">.\u00a0<\/span><\/p><p><span style=\"font-weight: 400;\">Facendo un\u2019ulteriore <\/span><b>analisi<\/b><span style=\"font-weight: 400;\"> ma di tipo <\/span><b>energetico-vibrazionale<\/b><span style=\"font-weight: 400;\">, \u00e8 facile notare che tutta la positivit\u00e0 che <\/span><b>emerge recitando la prima parte dell\u2019Ave Maria<\/b><span style=\"font-weight: 400;\">, venga poi distrutta dalla terza parte.\u00a0<\/span><\/p><p><span style=\"font-weight: 400;\">Potr\u00e0 sembrare un caso, ma un caso non \u00e8.<\/span><\/p><p><span style=\"font-weight: 400;\">Perfino il catechismo del <\/span><b>Concilio di Trento<\/b><span style=\"font-weight: 400;\"> che si \u00e8 svolto dal 1545 al 1563, ci conferma che l\u2019ultima parte della preghiera dell\u2019Ave Maria \u00e8 stata composta dalla Chiesa Cattolica stessa, senza alcuna spiegazione in merito.<\/span><\/p><h2><b>Prima parte della preghiera<\/b><\/h2><p><span style=\"font-weight: 400;\">La prima parte della preghiera dell\u2019Ave Maria \u00e8 quella che viene considerata la <\/span><b>pi\u00f9 antica nonostante non vi sia la certezza che lo sia<\/b><span style=\"font-weight: 400;\">.\u00a0<\/span><\/p><p><span style=\"font-weight: 400;\">L\u2019attuale versione cattolica recita: \u201c Ave Maria piena di grazia il Signore \u00e8 con te\u201d .\u00a0<\/span><\/p><p><span style=\"font-weight: 400;\">Questo incipit, come anticipato, \u00e8 il saluto dell\u2019Arcangelo Gabriele a Maria, dal <\/span><b>Vangelo di Luca<\/b><span style=\"font-weight: 400;\"> 1:28.<\/span><\/p><p><span style=\"font-weight: 400;\">Il Vangelo di Luca va un po\u2019oltre..e riferendosi all\u2019Arcangelo Gabriele recita: penetrando in Lei profer\u00ec: \u201cAve piena di grazia, il Signore con te. Tu benedetta in donne\u201d.<\/span><\/p><p><span style=\"font-weight: 400;\">Benedetta in donne si riscontra per\u00f2 nella seconda parte della preghiera che dice nella versione ufficiale:\u00a0<\/span><\/p><p><span style=\"font-weight: 400;\">\u201cTu sei benedetta tra le donne e benedetto \u00e8 il frutto del tuo seno Ges\u00f9\u201d.\u00a0<\/span><\/p><p><span style=\"font-weight: 400;\">Il nome di <\/span><b>Ges\u00f9<\/b><span style=\"font-weight: 400;\">, messo alla fine, <\/span><b>\u00e8 stato aggiunto<\/b><span style=\"font-weight: 400;\">, come l\u2019Amen finale, <\/span><b>dalla chiesa romana<\/b><span style=\"font-weight: 400;\"> intorno al <\/span><b>1500<\/b><span style=\"font-weight: 400;\"> come per voler <\/span><b>ribadire<\/b><span style=\"font-weight: 400;\"> ed evidenziare una <\/span><b>supremazia maschile<\/b><span style=\"font-weight: 400;\">.<\/span><\/p><p><span style=\"font-weight: 400;\">Ma c\u2019\u00e8 di pi\u00f9. La frase <\/span><b>frutto del tuo seno Ges\u00f9 merita un chiarimento<\/b><span style=\"font-weight: 400;\">.<\/span><\/p><p><span style=\"font-weight: 400;\">Nel credo attuale si dice: \u201cSi \u00e8 incarnato nel seno della Vergine Maria\u201d.. Ma nell\u2019antico credo non ci sono parole come seno, ventre e grembo.\u00a0<\/span><\/p><p><span style=\"font-weight: 400;\">La frase originale \u00e8: <\/span><b>si incarnato per mezzo dello Spirito dalla Vergine Maria<\/b><span style=\"font-weight: 400;\">.\u00a0<\/span><\/p><p><span style=\"font-weight: 400;\">Da dove arriva quindi la parola seno? Chi l\u2019ha introdotta?<\/span><\/p><p><span style=\"font-weight: 400;\">La <\/span><b>parola seno<\/b><span style=\"font-weight: 400;\"> \u00e8 stata arbitrariamente<\/span><b> introdotta da Papa Pio X<\/b><span style=\"font-weight: 400;\"> all\u2019inizio del \u2018900 sia nell\u2019Ave Maria che nel Salve Regina.\u00a0<\/span><\/p><p><span style=\"font-weight: 400;\">Nel <\/span><b>1970 la parola seno \u00e8 stata poi trasformata in grembo<\/b><span style=\"font-weight: 400;\"> al fine di uniformarla a quella degli altri testi sacri.\u00a0<\/span><\/p><p><span style=\"font-weight: 400;\">Se facciamo un salto nel tempo, emerge che <\/span><b>Ges\u00f9 era nato materializzandosi direttamente dal plesso solare di Maria<\/b><span style=\"font-weight: 400;\"> il che spiega come mai sia rimasta vergine anche dopo il parto e perch\u00e9 Lei si proclami <\/span><b>l\u2019Immacolata Concezione<\/b><span style=\"font-weight: 400;\">.\u00a0<\/span><\/p><p><span style=\"font-weight: 400;\">Sempre nel Vangelo di Luca, al capitolo primo, paragrafi 41 e 42 \u00e8 scritto:\u00a0<\/span><\/p><p><span style=\"font-weight: 400;\">E divenne che Elisabetta ud\u00ec il saluto della Mariam, il bambino balz\u00f2 nella sua cavit\u00e0 e Elisabetta fu riempita di Spirito Santo, elev\u00f2 la voce in un gran grido e profer\u00ec: \u201cBenedetta tu in donne e benedetto il frutto della tua cavit\u00e0\u201d.<\/span><\/p><p><span style=\"font-weight: 400;\">Luca non specifica di quale cavit\u00e0 si tratti\u2026<\/span><\/p><p><img fetchpriority=\"high\" decoding=\"async\" class=\"aligncenter wp-image-5238 size-large\" src=\"https:\/\/www.dottabbate.it\/wp-content\/uploads\/2021\/11\/verginemariaapparizione-1024x430.jpg\" alt=\"\" width=\"1024\" height=\"430\" \/><\/p><h2><b>Maria nella Bibbia e nel Corano\u00a0<\/b><\/h2><p><span style=\"font-weight: 400;\">Nella versione della <\/span><b>Bibbia Cei del 2008<\/b><span style=\"font-weight: 400;\">, su cui si basa il nuovo dizionario della lingua italiana, presentata il 12 novembre del 2007, l\u2019incipit del Vangelo di Luca \u00e8 reso con: \u201c<\/span><b>Rallegrati Maria<\/b><span style=\"font-weight: 400;\">\u201d <\/span><b>come traduzione della parola Ave<\/b><span style=\"font-weight: 400;\">.<\/span><\/p><p><span style=\"font-weight: 400;\">Dal <\/span><b>2010<\/b><span style=\"font-weight: 400;\">, questa <\/span><b>versione della Bibbia \u00e8 diventata obbligatoria<\/b><span style=\"font-weight: 400;\">. Tuttavia, la nuova versione, \u00e8 stata applicata solamente ai passi del Vangelo e non alla preghiera dell\u2019Ave Maria.<\/span><\/p><p><span style=\"font-weight: 400;\">Oltretutto, la stessa traduzione Cei del 2008, rende il latino <\/span><i><span style=\"font-weight: 400;\">fructus ventris tui,<\/span><\/i><span style=\"font-weight: 400;\"> con frutto del tuo grembo, parola che fa riferimento ad una donna partoriente.\u00a0<\/span><\/p><p><span style=\"font-weight: 400;\">In latino per\u00f2 <\/span><b>la parola ventris ha molteplici significati<\/b><span style=\"font-weight: 400;\">: seno, ventre, seno maschile pettorale, stomaco, basso intestino.<\/span><\/p><p><span style=\"font-weight: 400;\">Parimenti il latino gratia plena, viene tradotto con colma di grazia.\u00a0<\/span><\/p><p><span style=\"font-weight: 400;\">Un ulteriore contributo alla ricerca arriva dalla <\/span><b>religione islamica<\/b><span style=\"font-weight: 400;\">.\u00a0<\/span><\/p><p><span style=\"font-weight: 400;\">Il nome di Maria, <\/span><b>Mariam <\/b><span style=\"font-weight: 400;\">in arabo, compare <\/span><b>compare nel Corano ben 34 volte<\/b><span style=\"font-weight: 400;\">; mentre <\/span><b>nei 4 Vangeli canonici messi insieme, compare solamente 19 volte<\/b><span style=\"font-weight: 400;\">.<\/span><\/p><p><span style=\"font-weight: 400;\">Sempre nel Corano, l\u2019Annunciazione di Maria \u00e8 descritta in <\/span><b>due punti<\/b><span style=\"font-weight: 400;\"> diversi:<\/span><\/p><ol><li style=\"font-weight: 400;\" aria-level=\"1\"><span style=\"font-weight: 400;\">Nella <\/span><b>Sura<\/b><span style=\"font-weight: 400;\"> terza, ai paragrafi 42-46, quando dice: \u201c E quando gli angeli dissero: In verit\u00e0 Maria, Allah ti ha eletta, ti ha purificata ed eletta fra tutte le donne del Creato. O Maria sii devota al tuo Signore, prostrati ed inclinati proprio con coloro che si inchinano.<\/span><\/li><\/ol><p><span style=\"font-weight: 400;\">Gli angeli poi proseguono dicendo a Zaccaria: \u201cTi riveliamo cose del mondo invisibile perch\u00e9 tu non eri con loro quando gettarono i loro calami per stabilire chi dovesse avere la custodia di Maria.\u00a0<\/span><\/p><p><span style=\"font-weight: 400;\">E ancora: \u201c O Maria, <\/span><b>Allah ti annuncia la lieta novella<\/b><span style=\"font-weight: 400;\"> di una parola (e questa parola \u00e8<\/span><i><span style=\"font-weight: 400;\"> Logos<\/span><\/i><span style=\"font-weight: 400;\">) da lui proveniente, il suo nome \u00e8 <\/span><b>il Messia, Ges\u00f9, figlio di Maria.<\/b><span style=\"font-weight: 400;\"> Dalla culla parler\u00e0 alla gente e nella sua et\u00e0 adulta sar\u00e0 tra gli uomini devoti.<\/span><\/p><p><b>Il Corano quindi conferisce e riconosce alla Vergine Maria una immensa importanza e riconosce in Ges\u00f9 il Messia.<\/b><\/p><ol><li style=\"font-weight: 400;\" aria-level=\"1\"><span style=\"font-weight: 400;\">Nella <\/span><b>Sura<\/b><span style=\"font-weight: 400;\"> 19 esima, al punto 16-19 dove Allah parla a Maometto, \u00e8 scritto:\u00a0<\/span><\/li><\/ol><p><span style=\"font-weight: 400;\">\u201cRicorda Maria nel libro, quando si allontan\u00f2 dalla sua famiglia in un luogo ad Oriente; tesa una cortina tra s\u00e9 e gli altri, Le inviammo il nostro Spirito che assunse le sembianze di un uomo perfetto.<\/span><\/p><p><span style=\"font-weight: 400;\">In passato, i<\/span><b> teologi musulmani <\/b><span style=\"font-weight: 400;\">come quelli <\/span><b>cattolici<\/b><span style=\"font-weight: 400;\">, hanno <\/span><b>cercato di minimizzare la figura di Maria<\/b><span style=\"font-weight: 400;\"> nonostante la sua manifesta importanza all\u2019interno del Corano.<\/span><\/p><h2><b>La Devozione<\/b><\/h2><p><span style=\"font-weight: 400;\">Ma tornando alla preghiera dell\u2019Ave Maria, la <\/span><i><span style=\"font-weight: 400;\">vexata quaestio<\/span><\/i><span style=\"font-weight: 400;\"> \u00e9 la seguente:<\/span><\/p><p><span style=\"font-weight: 400;\">Esiste una versione originale antica almeno della prima parte dell\u2019Ave Maria?<\/span><\/p><p><span style=\"font-weight: 400;\">Sembra di no.\u00a0<\/span><\/p><p><span style=\"font-weight: 400;\">Il <\/span><b>documento pi\u00f9 antico \u00e8 del secolo IV <\/b><span style=\"font-weight: 400;\">ed \u00e8 stato ritrovato in Egitto nel 1917 ma <\/span><b>non contiene al suo interno l\u2019Ave Maria<\/b><span style=\"font-weight: 400;\"> bens\u00ec contiene un insieme di affermazioni che possono essere considerate come il nucleo centrale di quella che successivamente \u00e8 diventata la preghiera dell\u2019Ave Maria.\u00a0<\/span><\/p><p><span style=\"font-weight: 400;\">Anche le tradizioni antiche delle chiese, non parlano di questa preghiera; mentre le <\/span><b>tradizioni orali<\/b><span style=\"font-weight: 400;\"> si sono diffuse solo a partire dal <\/span><b>secolo XIV <\/b><span style=\"font-weight: 400;\">in modo diverso secondo le culture locali.\u00a0<\/span><\/p><p><span style=\"font-weight: 400;\">D&#8217;altra parte tutto ci\u00f2 \u00e8 conforme al maschilismo imperante che ha guidato l\u2019evoluzione di tutte le chiese per secoli.\u00a0<\/span><\/p><p><span style=\"font-weight: 400;\">Nonostante ci\u00f2, <\/span><b>a livello popolare, la devozione alla Vergine Maria \u00e8 molto antica<\/b><span style=\"font-weight: 400;\"> anche se non documentata e il miglior modo per recitare il rosario sia semplicemente dire:<\/span><\/p><p><span style=\"font-weight: 400;\">\u00a0\u201cAve piena di Grazia, il Signore \u00e8 con te, Tu sei Benedetta tra le donne e Benedetto \u00e8 il Tuo frutto\u201d senza aggiungere altro.<\/span><\/p><p><b>Il rosario diventa cos\u00ec un mantra che se recitato con costanza e devozione, ci pu\u00f2 aiutare nel trovare la giusta connessione con Lei, con Cristo e con il Padre Celeste.\u00a0<\/b><\/p><p><span style=\"font-weight: 400;\">Spesso <strong>\u00e8<\/strong> <strong>semplificando<\/strong> <strong>che si trova la via pi\u00f9 diretta<\/strong> per entrare nel giusto stato di coscienza, quello che serve per <strong>incontrarla dentro il nostro cuore<\/strong>.\u00a0<\/span><\/p><p><span style=\"font-weight: 400;\">La Devozione non \u00e8 altro che questo, <strong>aprire il Cuore e sentire quella presenza dentro di noi<\/strong>.\u00a0<\/span><\/p><p><span style=\"font-weight: 400;\">E\u2019 un contatto intimo che non pu\u00f2 esistere senza l\u2019<strong>essersi spogliati<\/strong> di tante delle sovrastrutture che ci ingabbiano quotidianamente.<\/span><\/p><p><span style=\"font-weight: 400;\">Il mio augurio \u00e8 che tutti possano <strong>accogliere la Sua presenza<\/strong> nel profondo, perch\u00e9 Lei \u00e8 sempre stata con noi, e sempre lo sar\u00e0.<\/span><\/p><p><br \/><br \/>\u00a0<\/p>\t\t\t\t\t\t\t\t<\/div>\n\t\t\t\t<\/div>\n\t\t\t\t\t<\/div>\n\t\t<\/div>\n\t\t\t\t\t<\/div>\n\t\t<\/section>\n\t\t\t\t<\/div>\n\t\t","protected":false},"excerpt":{"rendered":"<p>Ave Maria \u00e8 la preghiera pi\u00f9 recitata dai cristiani in tutte le confessioni e deriva dal Vangelo di Luca in diverse versioni. La Storia dell&#8217;Ave Maria L\u2019Ave Maria \u00e8 una preghiera suddivisa in tre parti: La prima \u00e8 collegata al saluto dell\u2019Arcangelo Gabriele a Maria ed incarna la parte pi\u00f9 antica La seconda parte inizia [&hellip;]<\/p>\n","protected":false},"author":1,"featured_media":7420,"comment_status":"closed","ping_status":"open","sticky":false,"template":"","format":"quote","meta":{"_acf_changed":false,"footnotes":""},"categories":[38,56],"tags":[],"class_list":["post-5232","post","type-post","status-publish","format-quote","has-post-thumbnail","hentry","category-articoli","category-video","post_format-post-format-quote"],"acf":[],"_links":{"self":[{"href":"https:\/\/www.dottabbate.com\/it\/wp-json\/wp\/v2\/posts\/5232","targetHints":{"allow":["GET"]}}],"collection":[{"href":"https:\/\/www.dottabbate.com\/it\/wp-json\/wp\/v2\/posts"}],"about":[{"href":"https:\/\/www.dottabbate.com\/it\/wp-json\/wp\/v2\/types\/post"}],"author":[{"embeddable":true,"href":"https:\/\/www.dottabbate.com\/it\/wp-json\/wp\/v2\/users\/1"}],"replies":[{"embeddable":true,"href":"https:\/\/www.dottabbate.com\/it\/wp-json\/wp\/v2\/comments?post=5232"}],"version-history":[{"count":3,"href":"https:\/\/www.dottabbate.com\/it\/wp-json\/wp\/v2\/posts\/5232\/revisions"}],"predecessor-version":[{"id":6863,"href":"https:\/\/www.dottabbate.com\/it\/wp-json\/wp\/v2\/posts\/5232\/revisions\/6863"}],"wp:featuredmedia":[{"embeddable":true,"href":"https:\/\/www.dottabbate.com\/it\/wp-json\/wp\/v2\/media\/7420"}],"wp:attachment":[{"href":"https:\/\/www.dottabbate.com\/it\/wp-json\/wp\/v2\/media?parent=5232"}],"wp:term":[{"taxonomy":"category","embeddable":true,"href":"https:\/\/www.dottabbate.com\/it\/wp-json\/wp\/v2\/categories?post=5232"},{"taxonomy":"post_tag","embeddable":true,"href":"https:\/\/www.dottabbate.com\/it\/wp-json\/wp\/v2\/tags?post=5232"}],"curies":[{"name":"wp","href":"https:\/\/api.w.org\/{rel}","templated":true}]}}