{"id":8915,"date":"2022-02-05T09:24:59","date_gmt":"2022-02-05T08:24:59","guid":{"rendered":"https:\/\/www.dottabbate.com\/?p=8915"},"modified":"2022-04-08T17:43:47","modified_gmt":"2022-04-08T15:43:47","slug":"portale-22-02-2022","status":"publish","type":"post","link":"https:\/\/www.dottabbate.com\/it\/portale-22-02-2022\/","title":{"rendered":"Portale 22.02.2022"},"content":{"rendered":"\t\t<div data-elementor-type=\"wp-post\" data-elementor-id=\"8915\" class=\"elementor elementor-8915\" data-elementor-post-type=\"post\">\n\t\t\t\t\t\t<section class=\"elementor-section elementor-top-section elementor-element elementor-element-5f252822 elementor-section-boxed elementor-section-height-default elementor-section-height-default\" data-id=\"5f252822\" data-element_type=\"section\" data-e-type=\"section\">\n\t\t\t\t\t\t<div class=\"elementor-container elementor-column-gap-default\">\n\t\t\t\t\t<div class=\"elementor-column elementor-col-100 elementor-top-column elementor-element elementor-element-24af4bac\" data-id=\"24af4bac\" data-element_type=\"column\" data-e-type=\"column\">\n\t\t\t<div class=\"elementor-widget-wrap elementor-element-populated\">\n\t\t\t\t\t\t<div class=\"elementor-element elementor-element-579b3119 elementor-widget elementor-widget-video\" data-id=\"579b3119\" data-element_type=\"widget\" data-e-type=\"widget\" data-settings=\"{&quot;youtube_url&quot;:&quot;https:\\\/\\\/www.youtube.com\\\/watch?v=FBQ2Fkb924g&quot;,&quot;video_type&quot;:&quot;youtube&quot;,&quot;controls&quot;:&quot;yes&quot;}\" data-widget_type=\"video.default\">\n\t\t\t\t<div class=\"elementor-widget-container\">\n\t\t\t\t\t\t\t<div class=\"elementor-wrapper elementor-open-inline\">\n\t\t\t<div class=\"elementor-video\"><\/div>\t\t<\/div>\n\t\t\t\t\t\t<\/div>\n\t\t\t\t<\/div>\n\t\t\t\t\t<\/div>\n\t\t<\/div>\n\t\t\t\t\t<\/div>\n\t\t<\/section>\n\t\t\t\t<section class=\"elementor-section elementor-top-section elementor-element elementor-element-2c31a3d7 elementor-section-boxed elementor-section-height-default elementor-section-height-default\" data-id=\"2c31a3d7\" data-element_type=\"section\" data-e-type=\"section\">\n\t\t\t\t\t\t<div class=\"elementor-container elementor-column-gap-default\">\n\t\t\t\t\t<div class=\"elementor-column elementor-col-100 elementor-top-column elementor-element elementor-element-b08132e\" data-id=\"b08132e\" data-element_type=\"column\" data-e-type=\"column\">\n\t\t\t<div class=\"elementor-widget-wrap elementor-element-populated\">\n\t\t\t\t\t\t\t<\/div>\n\t\t<\/div>\n\t\t\t\t\t<\/div>\n\t\t<\/section>\n\t\t\t\t<section class=\"elementor-section elementor-top-section elementor-element elementor-element-11a0d676 elementor-section-boxed elementor-section-height-default elementor-section-height-default\" data-id=\"11a0d676\" data-element_type=\"section\" data-e-type=\"section\">\n\t\t\t\t\t\t<div class=\"elementor-container elementor-column-gap-default\">\n\t\t\t\t\t<div class=\"elementor-column elementor-col-100 elementor-top-column elementor-element elementor-element-98594a5\" data-id=\"98594a5\" data-element_type=\"column\" data-e-type=\"column\">\n\t\t\t<div class=\"elementor-widget-wrap elementor-element-populated\">\n\t\t\t\t\t\t<div data-dce-text-color=\"#000000\" class=\"elementor-element elementor-element-55091424 elementor-widget elementor-widget-text-editor\" data-id=\"55091424\" data-element_type=\"widget\" data-e-type=\"widget\" data-widget_type=\"text-editor.default\">\n\t\t\t\t<div class=\"elementor-widget-container\">\n\t\t\t\t\t\t\t\t\t<h2><strong>Una bella notizia<\/strong><\/h2><p><span style=\"font-weight: 400;\">Ho una bella notizia da darvi: stiamo andando verso un <strong>evento positivo<\/strong> veramente eccezionale, per il quale per\u00f2 <strong>dobbiamo prepararci a livello spirituale<\/strong>. Questo documento l\u2019ho pensato per darvi una <strong>conoscenza unica<\/strong>, della quale fino ad oggi nessuno ha parlato. Sto riferendomi ad un <strong>portale<\/strong> che sinora nessuno aveva individuato. <\/span><\/p><p><span style=\"font-weight: 400;\">Come ho spiegato nel mio video \u201c<strong>La scienza dei portal<\/strong>i\u201d, che potete trovare nel mio canale YouTube, non basta che una data abbia delle caratteristiche particolari dal punto di vista numerico per essere considerata un portale. Anzi, ho trovato spesso degli errori in questo senso. <\/span><\/p><p><span style=\"font-weight: 400;\">In questo caso mi sto riferendo alla data del <strong>22 febbraio 2022<\/strong>, che analizzer\u00f2 in seguito perch\u00e9 \u00e8 meglio procedere per gradi.<\/span><span style=\"font-weight: 400;\"> Quindi, per prima cosa, parler\u00f2 dell\u2019<strong>anno 2022<\/strong> <strong>di per se stesso<\/strong>, poi andremo ad analizzare<strong> la data specifica di quel giorno<\/strong>, quindi andremo a <strong>verificare se effettivamente questa data corrisponde oppure no a un\u00a0 portale<\/strong>, poi andremo a individuare il <strong>significato di questo portale<\/strong>, e infine vedremo che cosa fare per riuscire a prepararci ad affrontare il passaggio collegato a questo portale.<\/span><\/p><p><span style=\"font-weight: 400;\">Il 2022 \u00e8 l\u2019anno della <strong>scelta<\/strong> e quindi in qualche modo \u00e8 anche l\u2019anno della <strong>dualit\u00e0<\/strong>. Chi non conosce la Numerologia dice che \u00e8 un anno di particolare energia <strong>femminile<\/strong>, perch\u00e9 si riferisce al <strong>2<\/strong>, e poi questo 2 addirittura compare <strong>tre volte<\/strong>, che sommate tra di loro fanno <strong>6<\/strong>, e nella <strong>Numerologia Pitagorica<\/strong> sia il numero 2 che il numero 6 sono <strong>energie femminili<\/strong> perch\u00e9 sono numeri pari. <\/span><\/p><p><span style=\"font-weight: 400;\">Invece nell\u2019antica <strong>Numerologia Caldea<\/strong>, cos\u00ec come nella <strong>Numerologia Cabalistica<\/strong>, il <strong>2<\/strong> \u00e8 un numero che esprime energia <strong>maschile<\/strong>, mentre il numero <strong>6<\/strong> \u00e8 un <strong>numero bipolare<\/strong>, cio\u00e8 50% maschile e 50% femminile. <\/span><\/p><p><span style=\"font-weight: 400;\">Difatti in queste numerologie <strong>la regola dei numeri pari e dei numeri dispari non funziona<\/strong>. Anche nella <strong>Numerologia Vedica<\/strong>, la cosiddetta Numerologia Indiana, che deriva da quella Caldea, il numero <strong>2<\/strong> \u00e8 in realt\u00e0 un numero di energia <strong>maschile<\/strong>, e non femminile. <\/span><\/p><p><span style=\"font-weight: 400;\">\u00c8 stato <strong>Pitagora<\/strong> che ha introdotto nella numerologia occidentale la regola dei numeri pari e dispari, dove i pari sono femminili e i dispari sono maschili. Ma non \u00e8 una regola che si \u00e8 inventato lui, in realt\u00e0 aveva trovato questa regola andando in <strong>Cina<\/strong>, e studiando \u201c<strong>Il libro dei mutamenti<\/strong>\u201d cio\u00e8 i cosiddetti<strong> I-Ching,<\/strong> o \u201cYijing\u201d detto in cinese, perch\u00e9 in quel libro effettivamente c\u2019\u00e8 questa regola, che nella Numerologia Cinese viene rispettata.\u00a0<\/span><\/p><h2><strong>Dal 2019 al 2024 &#8211; Una parabola evolutiva<\/strong><\/h2><p><span style=\"font-weight: 400;\">Chiariti questi punti fondamentali adesso cerchiamo di capire che <strong>cosa significa<\/strong> questo anno <strong>2022<\/strong> nel lungo arco di tempo che va <strong>dal 2019 a 2024. <\/strong><\/span><\/p><p><span style=\"font-weight: 400;\">Perch\u00e9 sto riferendomi proprio a questo arco di tempo? <\/span><\/p><p><span style=\"font-weight: 400;\">Perch\u00e9<strong> il tempo dell\u2019evoluzione della Terra<\/strong>, e quindi anche del genere umano, <strong>non rispetta<\/strong> il tempo delle i<strong> nostri orologi<\/strong>. Di fatto, per convenzione mondiale, noi abbiamo una certa modalit\u00e0 di calcolare il tempo basata fondamentalmente sul periodo di <strong>rivoluzione della Terra attorno al Sole<\/strong>, che \u00e8 di <strong>365,25 giorni<\/strong>, e quindi \u00e8 stato organizzato il nostro <strong>calendario Gregoriano<\/strong> di conseguenza. <\/span><\/p><p><span style=\"font-weight: 400;\">Anche la durata del giorno, dell\u2019ora, dei minuti, e cos\u00ec via, rispettano questa impostazione di calcolo. Ma l\u2019evoluzione non procede in questa maniera, bens\u00ec secondo l\u2019<strong>andamento di una parabola<\/strong>, quindi <strong>non in modo lineare<\/strong>. <\/span><\/p><p><span style=\"font-weight: 400;\">\u00c8 una parabola <strong>evolutiva<\/strong> che <strong>io ho scoperto<\/strong>, e che va avanti secondo una logica temporale totalmente diversa, per cui<strong> l\u2019anno dopo il 2019 \u00e8 l\u2019anno 2024<\/strong>. Quindi, in pratica, calcolando i periodi con il nostro orologio, <strong>\u00e8 come se l\u2019anno 2019 durasse cinque anni<\/strong> del nostro tempo ordinario. <\/span><\/p><p><span style=\"font-weight: 400;\">Quindi <strong>il 2022<\/strong> \u00e8 un anno all\u2019interno di questi cinque anni, e <strong>non pu\u00f2 essere disgiunto dal 2019<\/strong>, che \u00e8 l\u2019anno di <strong>inizio<\/strong>, e <strong>dal 2024<\/strong>, che \u00e8 l\u2019anno di <strong>termine<\/strong> di questo <strong>periodo evolutivo<\/strong>. Peraltro il 2019 \u00e8 stato un <strong>anno 5<\/strong>, quindi un anno che ha dato inizio a un periodo di <strong>grandi cambiamenti<\/strong>. <\/span><\/p><p><span style=\"font-weight: 400;\">Non vi stupite, non ho sbagliato i calcoli, lo so che 2019 fa 12 che poi sommato fa 3, ma questo \u00e8 l\u2019<strong>abito dell\u2019anno<\/strong>, cio\u00e8 la sua <strong>apparenza<\/strong>. Ma l\u2019abito non fa il monaco, quindi un conto \u00e8 l\u2019apparenza e un altro conto \u00e8 la sostanza. L\u2019apparenza del 2019 \u00e8 quella di un anno di particolare creativit\u00e0, ma viceversa, come la storia ci ha dimostrato e come avevo predetto, l\u2019anno 2019 \u00e8 stato un anno di un travolgente cambiamento che sarebbe andato avanti a lungo, <strong>per 5 anni<\/strong>. <\/span><\/p><p><span style=\"font-weight: 400;\">Non a caso di nuovo un<strong> 5<\/strong>,<strong> simbolo di cambiamento<\/strong>. Nei fatti, storicamente, \u00e8 successo esattamente cos\u00ec. Il <strong>2024<\/strong> invece \u00e8 un <strong>anno 1<\/strong>, ed essendo un anno 1 segna l\u2019inizio di un <strong>nuovo piccolo periodo<\/strong> che ci porter\u00e0 fino all\u2019anno <strong>2027<\/strong>, che <strong>\u00e8 l\u2019anno dopo 2024<\/strong> nella logica dell\u2019evoluzione temporale della Terra. <\/span><\/p><p><span style=\"font-weight: 400;\">Un periodo di tre anni, e dopo il <strong>2027<\/strong> troviamo direttamente il <strong>2028<\/strong>, che \u00e8 l\u2019<strong>ultimo anno<\/strong> di questa parabola evolutiva. Dal 2028 parte <strong>un primo lungo periodo di 85 anni<\/strong>, che ci porta alla realizzazione dei frutti di questo periodo. <\/span><\/p><p><span style=\"font-weight: 400;\">Per essere pi\u00f9 precisi, <strong>le parabole temporali<\/strong> di evoluzione spirituale della Terra hanno dei <strong>periodi di<\/strong> <strong>sovrapposizione<\/strong> tra di loro, e noi siamo gi\u00e0 dentro questa sovrapposizione temporale, perch\u00e9 <strong>la nuova parabola in realt\u00e0 \u00e8 iniziata nel 2012<\/strong>, e quindi \u00e8 da quel anno che noi stiamo facendo la parte terminale della vecchia parabola, ma che contemporaneamente stiamo facendo anche la parte iniziale della nuova parabola. <\/span><\/p><p><span style=\"font-weight: 400;\">Questi i <strong>cambiamenti<\/strong>, dei quali ho parlato, legati al<strong> numero 5<\/strong>, sono ovviamente per tutta l\u2019umanit\u00e0, come possiamo ricavare da quel <strong>12<\/strong> che troviamo sia facendo la somma dell\u2019anno <strong>2019<\/strong>, sia nel <strong>2012<\/strong>, e sono anche collegati a <strong>molti eventi inaspettati<\/strong>, che sono indicati da quelle <strong>3<\/strong> incontrato prima, <strong>simbolo di creativit\u00e0<\/strong>. Per\u00f2 da altre fonti, facendo riferendo al \u201cLibro della rivelazione\u201d, che noi chiamiamo <strong>Apocalisse<\/strong>, questo \u00e8 anche il periodo di piena attivit\u00e0 della \u201cbestia\u201d, come abbiamo visto e come vediamo ogni giorno. \u00c8 un periodo molto difficile e travagliato. Ovviamente ogni persona vivr\u00e0 questo periodo in funzione del <strong>lavoro spirituale<\/strong> che ha fatto nel passato.\u00a0<\/span><\/p><p><img fetchpriority=\"high\" decoding=\"async\" class=\"aligncenter wp-image-6564 size-full\" src=\"https:\/\/www.dottabbate.it\/wp-content\/uploads\/2022\/02\/cons.png\" alt=\"\" width=\"792\" height=\"307\" \/><\/p><h2><strong>2022 L&#8217;anno della Scelta<\/strong><\/h2><p><span style=\"font-weight: 400;\">In questo quadro si colloca poi l\u2019<strong>anno 2022<\/strong>, l\u2019anno della <strong>scelta a tutti i livelli<\/strong>, che sono indicati proprio da quei <strong>tre 2<\/strong> che vogliono dire la scelta a livello <strong>materiale<\/strong>, a livello <strong>animico<\/strong>, e a livello <strong>spirituale<\/strong>. Per\u00f2 l\u2019<strong>essenza del 2022<\/strong>, quindi non la sua apparenza, non il suo vestito, <strong>\u00e8 collegata al numero 8<\/strong>. Il numero 8 lo possiamo interpretare in tanti modi diversi, a seconda della numerologia o anche alla geometria sacra cui stiamo facendo riferimento. <\/span><\/p><p><span style=\"font-weight: 400;\">Nella<strong> geometria sacra<\/strong> il <strong>numero 8<\/strong> \u00e8 collegato a \u201c<strong>cos\u00ec in alto come in basso<\/strong>\u201d di Ermete Trismegisto, e quindi questo 8 del 2022 vuol dire che \u00e8 l\u2019anno dove <strong>ciascuno di noi vibra in modo direttamente proporzionale alla sua capacit\u00e0 di collegarsi verso lato<\/strong>. Quindi, in qualche maniera, ancora una volta il <strong>lavoro spirituale<\/strong> che la persona ha compiuto in questi anni \u00e8 il riferimento principale. <\/span><\/p><p><span style=\"font-weight: 400;\">D\u2019altra parte l\u2019<strong>8<\/strong> ci rimanda a <strong>Mercurio<\/strong>, nella <strong>Numerologia Cabalistica<\/strong>, e Mercurio \u00e8 il <strong>messaggero degli dei<\/strong>, e di conseguenza restiamo nell\u2019interpretazione che ho appena nata, perch\u00e9 Mercurio, se ci si collega verso l\u2019alto, ci pu\u00f2 portare tutti i <strong>messaggi di salvezza<\/strong>. Ma nella<strong> Numerologia Indiana<\/strong> il numero 8 \u00e8 collegato a <strong>Saturno<\/strong>, che io chiamo il pianeta \u201crompiscatole\u201d, perch\u00e9 \u00e8 quello che di solito mette i bastoni tra le ruote e ti mette alla <strong>prova<\/strong>, ma non per cattiveria, lo fa per farti verificare realmente ci\u00f2 che sei, se sei arrivato a <strong>superare i tuoi limiti<\/strong>.<\/span><span style=\"font-weight: 400;\"> Per\u00f2 questo, dal punto di vista pratico, comporta tanti <strong>contrattempi<\/strong> e molteplici situazioni del tutto impreviste.<\/span><\/p><p><span style=\"font-weight: 400;\"> Nella <strong>Numerologia Pitagorica<\/strong> il numero 8 rimanda a <strong>Plutone<\/strong>, che ci porta immediatamente all\u2019immagine delle <strong>esplosioni dei vulcani<\/strong>. Questo \u00e8 un altro delle degli indizi che stiamo ricavando per il 2022, che \u00e8 proprio collegato al fatto che le persone potranno vivere delle <strong>situazioni sconvolgenti<\/strong>. A ogni persona arriveranno ovviamente delle <strong>prove<\/strong>, o meno, in funzione del suo stato dell\u2019essere: il 2022, a <strong>chi ha lavorato a livello spirituale<\/strong>, e ha lavorato bene, porter\u00e0 <strong>tantissime intuizioni<\/strong>, porter\u00e0 soprattutto dei grandi passi in avanti nella sua evoluzione, e questo ovviamente collegato quel <strong>Mercurio<\/strong>, visto che \u00e8 la<strong> Numerologia Cabalistica<\/strong> ci parla sempre dei gli <strong>aspetti spirituali<\/strong> della nostra evoluzione, e non delle cose materiali e pratiche di ogni giorno. Ma invece, per <strong>chi non ha lavorato bene<\/strong> a livello spirituale, allora <strong>prevale la Numerologia Indiana<\/strong>, che ci parla delle vibrazioni, e quindi <strong>quel 8 diventa a Saturno<\/strong>, con tutte le sue complicazioni e tutte le sue <strong>prove<\/strong> e le sue difficolt\u00e0. <\/span><\/p><p><span style=\"font-weight: 400;\">Ovviamente <strong>Saturno<\/strong> mette in tentazione coloro che hanno la <strong>possibilit\u00e0 di risvegliarsi<\/strong> e quindi di evolvere. Quelle prove non sono contro, ma sono proprio lo strumento di Saturno per cercare di svegliare quelli che stanno dormendo. <\/span><span style=\"font-weight: 400;\">Infine troviamo coloro per i quali Ges\u00f9 ci dice che non c\u2019\u00e8 speranza, cio\u00e8 i \u201c<strong>tiepidi<\/strong>\u201d, quelli che <strong>non hanno fatto nessun lavoro<\/strong> non si sono <strong>mai schierati<\/strong> n\u00e9 da una parte n\u00e9 dall\u2019altra, e quindi sono coloro che si trovano non solo addormentati, ma proprio che hanno <strong>annullato la propria spiritualit\u00e0<\/strong>. <\/span><\/p><p><span style=\"font-weight: 400;\">Per\u00f2, siccome alla <strong>Misericordia divina<\/strong> non c\u2019\u00e8 limite, come ci dice la Numerologia Pitagorica, questi andranno incontro a <strong>Plutone<\/strong> che proprio con le sue esplosioni cercher\u00e0 di <strong>cambiare la loro situazione<\/strong> e fargli fare un balzo, un salto nella loro evoluzione, per riportarli dalla morte alla vita.<\/span><\/p><p><span style=\"font-weight: 400;\"> Ricordiamoci che a <strong>Plutone<\/strong> sono proprio collegate queste parole,<strong> morte e vita<\/strong>, e quindi rappresenta, in questo frangente, l\u2019ultima ancora di salvezza per questi disperati. \u00c8 un po\u2019 come l\u2019ultima chiamata in aeroporto: <strong>se non ti presenti perdi il volo<\/strong>. Plutone, essendo il simbolo dei misteri della morte ma anche della vita, della <strong>trasformazione radicale<\/strong> e anche dell\u2019<strong>inconscio<\/strong>, far\u00e0 questa ultima chiamata, sperando che qualcuno dei ritardatari si presenti e possa prendere il volo all\u2019ultimo minuto.\u00a0<\/span><\/p><h2><strong>22 Febbraio 2022- E&#8217; davvero un portale?<\/strong><\/h2><p><span style=\"font-weight: 400;\">Abbiamo inquadrato tutto l\u2019anno 2022, e quindi passiamo alla data de<strong>l 22 febbraio 2022<\/strong>, continuando la nostra analisi capire il <strong>significato<\/strong> di quella data che abbiamo <strong>ipotizzato essere un portale<\/strong>. Le ore di riferimento sono le <strong>20:22<\/strong>, perch\u00e9 anche le ore sono importanti in questo calcolo.<\/span><\/p><p><span style=\"font-weight: 400;\"> Innanzitutto se scriviamo questa data scopriamo che \u00e8 totalmente <strong>palindroma<\/strong>: <strong>22022022<\/strong>. Come vedete letta in un verso o nel verso opposto <strong>la sequenza numerica \u00e8 la stessa<\/strong>. La sua somma fra <strong>12<\/strong>, e questo ci servir\u00e0 nelle analisi che faremo nel seguito. <\/span><\/p><p><span style=\"font-weight: 400;\">Se calcoliamo<strong> la sua essenza<\/strong> e non la sua apparenza, troviamo come risultato un<strong> 4<\/strong>, e anche questo ci sar\u00e0 utile durante le analisi che faremo. Per\u00f2 il fatto che la data sia <strong>palindroma<\/strong>, che abbia queste strane caratteristiche, formata solo da numeri 2, <strong>non \u00e8 sufficiente per dire<\/strong> <strong>che questa \u00e8 la data di un portale<\/strong>. L\u2019ho spiegato proprio nel mio video <strong>\u201cLa scienza dei portali\u201d<\/strong> che bisogna fare altre verifiche per poter dire che una data particolare come questa \u00e8 un portale. <\/span><\/p><p><span style=\"font-weight: 400;\">Allora, per andare a fare queste verifiche, <strong>convertiamo questa data<\/strong> dal nostro calendario gregoriano al<strong> calendario ebraico<\/strong> tenendo conto dell\u2019ora, le <strong>20:22<\/strong>. Il risultato che otteniamo \u00e8 il<strong> 22 di Adar<\/strong> <strong>dell\u2019anno 5782<\/strong>. Notiamo subito la prima singolarit\u00e0: \u00e8 un<strong> giorno 22<\/strong> anche in quel calendario. <strong>Adar \u00e8 il 12\u00ba mese<\/strong>, quindi <strong>22 del 12<\/strong>, e se adesso <strong>sommiamo i numeri dell\u2019anno del calendario ebraico<\/strong> otteniamo di nuovo <strong>22<\/strong>, quindi la data diventa <strong>22\/12\/22<\/strong>. <\/span><\/p><p><span style=\"font-weight: 400;\">Non \u00e8 palindroma per\u00f2 ci mostra un\u2019indicazione importantissima: <strong>abbiamo il 22 agli estremi<\/strong> esattamente come gi\u00e0 avevamo nella nostra <strong>data gregoriana<\/strong>, e in mezzo troviamo un 12 che ci rimanda al <strong>12<\/strong><\/span><strong>\u00a0<\/strong>che avevamo gi\u00e0 trovato in precedenza. Quindi <strong>questa \u00e8 la conferma<\/strong> che effettivamente<strong> ci troviamo di fronte a un portale<\/strong>, anzi, a un portale<strong> importantissimo<\/strong> perch\u00e9 riguarda l\u2019intera umanit\u00e0.<\/p><p>La <strong>somma totale della data in ebraico fa 56<\/strong>, e anche questo \u00e8 un dato utile per le analisi. <strong>Questo 56<\/strong> poi ci rimanda al <strong>numero 11<\/strong>, altro elemento importante.<\/p><p>Con la <strong>Numerologia Cabalistica<\/strong> possiamo ricavare anche<strong> quale l\u2019energia divina<\/strong> \u00e8 associata a quel giorno e qual \u00e8<strong> l\u2019Angelo<\/strong> che \u00e8 collegato a quella data. La prima \u00e8 identificata da <strong>Hai <\/strong><strong>yyh <\/strong><strong>(hey yud yud)<\/strong>, che indica l\u2019energia di \u201c<strong>Profezie e Universi paralleli<\/strong>\u201d, mentre <strong>l\u2019Angelo \u00e8 Haiel <\/strong><strong>layyh <\/strong><strong>(hey yud yud alepf lamed)<\/strong>, che esprime la volont\u00e0 di <strong>darci le Motivazioni per realizzare noi stessi e il Progetto celeste<\/strong>.<\/p><p>Arrivati a questo punto possiamo collezionare la sintesi di tutte le informazioni collegate ai numeri legati alla data per capire il <strong>significato del portale<\/strong>.<\/p><h2><strong>Il significato di questo Portale<\/strong><\/h2><p><span style=\"font-weight: 400;\">Troviamo innanzitutto un <strong>2<\/strong> che \u00e8 collegato alla <strong>necessit\u00e0 di scegliere<\/strong>, alla <strong>bivalenza<\/strong> delle situazioni <strong>a livello materiale<\/strong>, all\u2019accesso alla <strong>sapienza a livello dell\u2019anima<\/strong> e alla <strong>nascita di qualcosa di diverso<\/strong>. Queste sono le varie interpretazioni del 2 secondo le varie numerologie.<\/span><\/p><p><span style=\"font-weight: 400;\"> Troviamo poi il <strong>22<\/strong> che esprime la necessit\u00e0 di <strong>comandare noi stessi e gli eventi<\/strong>, e che si collegata alla <strong>22\u00aa lettera dell\u2019alfabeto ebraico<\/strong>, la <strong>Tav,<\/strong> che \u00e8 proprio il marchio della <strong>salvezza<\/strong> che \u00e8 stampato sulla <strong>fronte dei giusti<\/strong>. <\/span><\/p><p><span style=\"font-weight: 400;\">Poi troviamo il <strong>222<\/strong>, i tre 2, che ci indicano la necessit\u00e0 di <strong>scegliere a tutti i livelli<\/strong>, materiale, animico e spirituale, ma anche l\u2019ambivalenza delle situazioni nei tre livelli. <\/span><\/p><p><span style=\"font-weight: 400;\">Poi abbiamo trovato <strong>un 12<\/strong> che ci ricorda che <strong>la chiamata \u00e8 per tutti<\/strong>, perch\u00e9 sono <strong>12 gli archetipi dell\u2019umanit\u00e0<\/strong>, sono 12 le cosiddette \u201c<strong>trib\u00f9 di Israele<\/strong>\u201d, dove Israele non \u00e8 la nazione ma significa, <strong>in ebraico, \u201cil popolo divino\u201d<\/strong>. <\/span><\/p><p><span style=\"font-weight: 400;\">Poi abbiamo trovato il numero<strong> 4<\/strong> che contemporaneamente \u00e8 collegato alle idee di <strong>lavoro<\/strong>, di fatica, di <strong>costruire<\/strong>, di inquadrarsi, e quindi in qualche misura rimanda anche all\u2019idea di <strong>far quadrare la propria vita<\/strong>. <\/span><\/p><p><span style=\"font-weight: 400;\">Poi c\u2019\u00e8 il <strong>56<\/strong>, che usando la <strong>Gematria<\/strong> in ebraico troviamo le parole \u201c<strong>giorno<\/strong>\u201d o \u201c<strong>bello<\/strong>\u201d o la parola \u201c<strong>paura<\/strong>\u201d. 56 ci dice che sar\u00e0 \u201cun bel giorno\u201d oppure \u201cun giorno di paura\u201d. Ovviamente tutto dipender\u00e0 da come noi lo vivremo.<\/span><\/p><p><span style=\"font-weight: 400;\"> Infine troviamo un <strong>11<\/strong>, che \u00e8 il simbolo della<strong> luce che illumina il portale<\/strong>, per\u00f2 \u00e8 anche<strong> il simbolo della scelta<\/strong>. Se ne facciamo la <strong>Gematria<\/strong> troviamo la parola \u201c<strong>festivit\u00e0<\/strong>\u201d oppure anche la parola \u201c<strong>emergere improvvisamente<\/strong>\u201d, o \u201c<strong>predilezione<\/strong>\u201d oppure \u201c<strong>sar\u00e0<\/strong>\u201d, e quindi questo insieme di possibili risultati ci rimanda proprio a un <strong>adempimento di una profezia<\/strong>, della profezia che <strong>si salveranno i predilett<\/strong>i, che questo portale ha un lato verso il \u201csar\u00e0\u201d dell\u2019adempiersi di questa profezia. <\/span><\/p><p><span style=\"font-weight: 400;\">Infine avevano trovato l\u2019<strong>angelo Haiel<\/strong>, ma guarda caso il valore di questo nome in ebraico \u00e8 <strong>di nuovo 56<\/strong>, che abbiamo provato prima e quindi questa \u00e8 una <strong>notevole conferma<\/strong> della validit\u00e0 di questo risultato numerico. Se usiamo tutti questi riferimenti possiamo far emergere il significato del portale, e come avete gi\u00e0 intuito, questo \u00e8 qualcosa di <strong>molto complesso e molto articolato<\/strong>.<\/span><\/p><p><span style=\"font-weight: 400;\">Riassumendo i contenuti che abbiamo individuato questi sono: necessit\u00e0 di <strong>scegliere<\/strong>, violenza delle situazioni a livello materiale, <strong>accesso alla sapienza<\/strong> a livello dell\u2019anima, <strong>nascita di qualcosa di diverso<\/strong>, necessit\u00e0 di comandare noi stessi e gli eventi, il marchio della <strong>salvezza sulla fronte<\/strong>, la necessit\u00e0 di scegliere, l<strong>\u2019ambivalenza delle situazioni ai tre livelli<\/strong> del corpo, dell\u2019anima, dello spirito, la <strong>chiamata che \u00e8 per tutti<\/strong>, il <strong>lavoro<\/strong>, la fatica a ricostruire, l\u2019inquadrarsi, il <strong>far quadrare la propria vita<\/strong>, un <strong>bel giorno o un giorno di paura,<\/strong> la<strong> luce<\/strong> che illumina portale, la<strong> scelta<\/strong>, un giorno che \u00e8 una <strong>festivit\u00e0<\/strong>, un giorno che \u00e8 un <strong>emergere improvvisamente<\/strong>, il sar\u00e0 della profezia, e quindi di conseguenza <strong>l\u2019adempimento di una profezia<\/strong>.<\/span><\/p><p><span style=\"font-weight: 400;\"> Quindi<strong> non \u00e8 per niente facile oltrepassare questa porta<\/strong>. Pi\u00f9 volte in questo documento ho citato il<strong> lavoro spirituale<\/strong> che era stato gi\u00e0 fatto nel passato, e quindi magari tra di voi ci sono persone che l\u2019hanno gi\u00e0 fatto in maniera egregia, alcuni magari sotto la guida di qualche guida spirituale, altri maniera totalmente autonoma, perch\u00e9 <strong>questo lavoro si pu\u00f2 fare da soli,<\/strong> basta <strong>collegarsi alla Sorgente Creativa dell\u2019Universo<\/strong> e si ottiene tutto quello che serve. <\/span><\/p><p><span style=\"font-weight: 400;\">Altri per\u00f2 sono ancora diciamo <strong>nel cammino<\/strong> e hanno bisogno di avere un po\u2019 di indicazioni su che cosa fare adesso, che <strong>\u00e8 l\u2019ultimo minuto<\/strong>.<\/span><\/p><p><img decoding=\"async\" class=\"aligncenter wp-image-6569 size-full\" src=\"https:\/\/www.dottabbate.it\/wp-content\/uploads\/2022\/02\/risveglio.jpg\" alt=\"\" width=\"1000\" height=\"500\" \/><\/p><h2><strong>Come possiamo prepararci al meglio?<\/strong><\/h2><p><span style=\"font-weight: 400;\">Da ora alla data del 22 febbraio prossimo non c\u2019\u00e8 un lungo periodo; <strong>cosa possiamo fare in queste settimane<\/strong> per arrivare a questo portale<strong> preparati,<\/strong> avendo il biglietto in tasca? Perch\u00e9 all\u2019ultima chiamata per il volo sarebbe grave accorgersi di aver dimenticato il biglietto a casa. Quindi <strong>ora dobbiamo lavorare tutti<\/strong>, anche chi ha lavorato in passato deve comunque prepararsi a questo evento epocale.<\/span><\/p><p><span style=\"font-weight: 400;\">Voi sapete che, nella mia concezione, <strong>Spirito e materia sono la stessa cosa<\/strong>, sono totalmente un unico. \u00c8 chiaro che le mie sono delle semplici indicazioni che ciascuno pu\u00f2 fare proprie o meno in funzione del fatto che egli risuonino dentro oppure no.\u00a0<\/span><\/p><h3><strong>Attivare la coerenza fra Mente e Cuore<\/strong><\/h3><p><span style=\"font-weight: 400;\">La<strong> prima indicazione<\/strong> per iniziare a lavorare concretamente \u00e8 quella di <strong>attivare la coerenza fra il cuore e cervello<\/strong>. Come si fa ad attivare questo stato di coerenza tra cuore e cervello, che peraltro \u00e8 stato a lungo studiato, e quindi quello che vi dir\u00f2 non \u00e8 frutto di intuizioni o di messaggi dall\u2019alto o cose di questo tipo, ma \u00e8 frutto di una vera e propria <strong>ricerca scientifica<\/strong> divulgata anche da <strong>Gregg Braden<\/strong>.<\/span><\/p><p><span style=\"font-weight: 400;\"> Lo<strong> stato di coerenza<\/strong> si pu\u00f2 raggiungere innanzitutto chiudendosi in una stanza o andando <strong>in un luogo appartato<\/strong>, dove abbiamo la certezza che nessuno ci disturber\u00e0. Questa \u00e8 fondamentale per la nostra mente, che deve essere in una <strong>situazione di calma totale<\/strong>, quindi deve sapere che nessuno verr\u00e0 a disturbare. <\/span><\/p><p><span style=\"font-weight: 400;\">Si pu\u00f2 <strong>chiudere gli occhi<\/strong>, almeno le prime volte, per iniziare ad avere un momento di <strong>concentrazione<\/strong> su se stessi. Poi bisogna dare il messaggio al corpo che la <strong>nostra attenzione la vogliamo rivolgere al cuore<\/strong>. Per fare questo usiamo una mano con tre dita, <strong>pollice, anulare e medio unite<\/strong> in punta, a martelletto, e iniziamo <strong>picchettare<\/strong> <strong>proprio all\u2019altezza del cuore<\/strong>.<\/span><\/p><p><span style=\"font-weight: 400;\">Questo messaggio il nostro sistema nervoso e le nostre cellule lo capiscono, deducono che stiamo chiedendo un\u2019<\/span><b>attenzione verso cuore da parte del cervello<\/b><span style=\"font-weight: 400;\">. Ora dobbiamo iniziare a<\/span><b> rallentare il respiro<\/b><span style=\"font-weight: 400;\"> secondo un <\/span><b>ciclo di cinque secondi<\/b><span style=\"font-weight: 400;\">, quindi <\/span><b>inspirare<\/b><span style=\"font-weight: 400;\"> per cinque secondi, poi<\/span><b> fermarsi<\/b><span style=\"font-weight: 400;\"> per cinque secondi, poi espirare per cinque secondi e poi fermarsi ancora per cinque secondi, e quindi <\/span><b>ricominciare<\/b><span style=\"font-weight: 400;\"> il ciclo.<\/span><\/p><p><span style=\"font-weight: 400;\"> Ovviamente l\u2019indicazione di cinque secondi \u00e8 statisticamente vera, nel senso che poi ogni persona deve <\/span><b>trovare il proprio ritmo del respiro<\/b><span style=\"font-weight: 400;\">. La cosa importante \u00e8 che tutto sia fatto in maniera armonica, quindi <\/span><b>\u00e8 come un\u2019oscillazione sinusoidale<\/b><span style=\"font-weight: 400;\">, non ci sono spigoli e tutto \u00e8 ritmico, un ritmo dove la persona inspira, si ferma, espira, si ferma, inspira, si ferma, e va avanti cos\u00ec. A prendere il ritmo <strong>ci vuole un po\u2019 di abitudine<\/strong>, di pratica. <\/span><\/p><p><span style=\"font-weight: 400;\">A questo punto si deve innestare all\u2019interno di questa situazione un<\/span><b> intento positivo <\/b><span style=\"font-weight: 400;\">collegato alla passione, all\u2019amore, o alla misericordia, o all\u2019ammirazione per la bellezza della Terra, o altri sentimenti simili. Non ha importanza qual \u00e8 nello specifico il sentire di quel momento, e magari di giorno in giorno quel sentimento pu\u00f2 essere diverso, perch\u00e9 <\/span><b>non c\u2019\u00e8 un sentimento migliore di un altro<\/b><span style=\"font-weight: 400;\">. \u00c8 quello che ci viene <\/span><b>spontaneo<\/b><span style=\"font-weight: 400;\"> in quel momento. <\/span><\/p><p><span style=\"font-weight: 400;\">L\u2019importante \u00e8 che questo sentimento sia positivo. Pu\u00f2 essere <\/span><b>rivolto alla Terra<\/b><span style=\"font-weight: 400;\">, o pu\u00f2 essere <\/span><b>rivolto a degli animali o a delle persone <\/b><span style=\"font-weight: 400;\">che vivono attorno a noi. Non ha importanza verso cosa stiamo rivolgendo questo intento amoroso ma l\u2019importante \u00e8 che viviamo questa esperienza <\/span><b>collegati a questa emozione <\/b><span style=\"font-weight: 400;\">che, a questo punto, \u00e8 un sentire interiore. <\/span><\/p><p><span style=\"font-weight: 400;\">Questa tecnica <\/span><b>mette in coerenza il nostro cuore con la nostra mente<\/b><span style=\"font-weight: 400;\">, con il cervello, anzi <\/span><b>i due cervelli<\/b><span style=\"font-weight: 400;\">, cervello della mente e cervello del cuore. Questo \u00e8 uno stato estremamente importante perch\u00e9 <\/span><b>cos\u00ec possono arrivare delle illuminazioni<\/b><span style=\"font-weight: 400;\">, e quindi \u00e8 una via, un procedimento per iniziare a prepararci all\u2019arrivo del portale.\u00a0<\/span><\/p><h3><b>Essere Preghiera<\/b><\/h3><p><span style=\"font-weight: 400;\">In qualche modo collegato a questo stato c\u2019\u00e8 il discorso dell\u2019essere preghiera, e questo discorso l\u2019ho gi\u00e0 affrontato pi\u00f9 di una volta, e della <\/span><b>diversit\u00e0 fra il pregare e l\u2019essere preghiera<\/b><span style=\"font-weight: 400;\">. <\/span><\/p><p><span style=\"font-weight: 400;\">Il <\/span><b>pregare identifica un momento particolare<\/b><span style=\"font-weight: 400;\">, come ci ha insegnato Ges\u00f9: \u201cse volete pregare chiudetevi in una stanza\u201d, ancora una volta dove non vi disturba nessuno, \u201ce <\/span><b>pregate ad alta voce<\/b><span style=\"font-weight: 400;\">\u201d. Non in silenzio ma ad alta voce, <\/span><b>da soli<\/b><span style=\"font-weight: 400;\"> e non in comunit\u00e0. Di conseguenza l\u2019insegnamento ci dice che non si prega in chiesa, <\/span><b>a messa si celebra un rito<\/b><span style=\"font-weight: 400;\">. Se uno vuole pregare deve chiudersi dentro una stanza e <\/span><b>dire quello che gli viene da dentro<\/b><span style=\"font-weight: 400;\">, senza recitare alcuna formula, esprimendosi ad alta voce. <\/span><\/p><p><span style=\"font-weight: 400;\">Questo significa pregare, ma <\/span><b>essere preghiera<\/b><span style=\"font-weight: 400;\">, invece, <\/span><b>\u00e8 uno stato dell\u2019essere<\/b><span style=\"font-weight: 400;\">, qualche cosa che deve andare avanti tutto il giorno e tutta la notte, in una condizione di <\/span><b>collegamento verso l\u2019alto<\/b><span style=\"font-weight: 400;\"> che sviluppiamo in noi nel momento in cui ci ricordiamo continuamente di essere preghiera. All\u2019inizio \u00e8 uno sforzo, perch\u00e9 vuol dire continuare a dare alla nostra mente questo<\/span><b> impulso<\/b><span style=\"font-weight: 400;\"> fino a che non ci siamo abituati. Quando<\/span><b> \u00e8 diventata per noi un\u2019abitudine gioire di tutte le cose della vita, vedere la bellezza del creato<\/b><span style=\"font-weight: 400;\">, e avanti cos\u00ec, <\/span><b>allora siamo preghiera<\/b><span style=\"font-weight: 400;\">, senza pensarci perch\u00e9 tutto \u00e8 diventato per noi uno stato dell\u2019essere.\u00a0<\/span><\/p><p><span style=\"font-weight: 400;\">Una via per arrivare a questo stato pu\u00f2 essere anche quella della <\/span><b>meditazione<\/b><span style=\"font-weight: 400;\">, se la meditazione <\/span><b>non \u00e8 una fuga dalla realt\u00e0<\/b><span style=\"font-weight: 400;\"> fittizia ma \u00e8 invece uno <\/span><b>strumento di ricerca personale<\/b><span style=\"font-weight: 400;\"> e di ricerca di noi stessi. Allora la via della <\/span><b>meditazione<\/b><span style=\"font-weight: 400;\"> pu\u00f2 essere una via importante proprio <\/span><b>per arrivare ad essere preghiera<\/b><span style=\"font-weight: 400;\">, e quindi l\u2019essere preghiera \u00e8 spesso collegato proprio a esercizi di meditazione.<\/span><\/p><p><span style=\"font-weight: 400;\"> Non mi dilungo perch\u00e9 ovviamente le modalit\u00e0 per entrare in meditazione sono molteplici, ma molti di voi le conoscono e le praticano gi\u00e0 ogni giorno. Si tratta di intensificare in questo periodo quelle prassi che magari state gi\u00e0 realizzando normalmente.\u00a0<\/span><\/p><h3><b>Cibo per il Corpo, per l\u2019Anima e per lo Spirito<\/b><\/h3><p><span style=\"font-weight: 400;\">Poi abbiamo un <\/span><b>suggerimento legato al cibo<\/b><span style=\"font-weight: 400;\">, cibo per il corpo, cibo per l\u2019anima e cibo per lo Spirito. Analizziamo brevemente queste tre alimentazioni diverse.<\/span><\/p><p><b>Cibo per il corpo<\/b><span style=\"font-weight: 400;\">: in questo periodo sarebbe meglio <\/span><b>stare molto attenti <\/b><span style=\"font-weight: 400;\">a che cosa si mangia e possibilmente mangiare <\/span><b>cibi naturali<\/b><span style=\"font-weight: 400;\">, e soprattutto <\/span><b>ridurre drasticamente la quantit\u00e0 <\/b><span style=\"font-weight: 400;\">di alimenti. Mangiare molto molto poco, e questo \u00e8 un primo elemento. Noi in ogni caso <\/span><b>mangiamo troppo e mangiamo male<\/b><span style=\"font-weight: 400;\">. Quindi evitare, al supermercato, di comprare certi prodotti industriali, evitare magari le scatolette o cibi preconfezionati. <\/span><\/p><p><span style=\"font-weight: 400;\">Un po\u2019 di sacrificio dal punto di vista alimentare che per\u00f2, quando ci si abitua, diventa bellissimo. Personalmente da tempo ormai vivo con quasi niente ogni giorno, e sto benissimo, mi sento molto meglio di prima, visto che io ero un grande mangione, e adesso le abbuffate cerco di evitarle, con estremo piacere del mio corpo.\u00a0<\/span><\/p><p><b>Cibo per l\u2019Anima<\/b><span style=\"font-weight: 400;\">: sono dei <\/span><b>buoni libri<\/b><span style=\"font-weight: 400;\"> o delle <\/span><b>belle conversazioni <\/b><span style=\"font-weight: 400;\">con gli amici, e cos\u00ec via. Chiaramente non possiamo dare buon cibo all\u2019Anima se non siamo <\/span><b>circondati da persone positive<\/b><span style=\"font-weight: 400;\">, se andiamo a vedere certi film violenti oppure se stiamo molto attenti a quello che dice il telegiornale di turno. Chiaramente questo cibo \u00e8 avariato per la nostra Anima. Dobbiamo stare molto lontani da tutte queste cose, dobbiamo dare un cibo molto positivo all\u2019Anima.\u00a0<\/span><\/p><p><span style=\"font-weight: 400;\">Infine il<\/span><b> cibo per lo Spirito<\/b><span style=\"font-weight: 400;\">: \u00e8 chiaramente quello che possiamo ricavare se noi ci costruiamo dei <\/span><b>momenti di interiorit\u00e0<\/b><span style=\"font-weight: 400;\">, di <\/span><b>silenzio<\/b><span style=\"font-weight: 400;\">, perch\u00e9 la parola di Dio \u00e8 un soffio, non \u00e8 un tuono. Quindi il cibo dello Spirito lo possiamo trovare solamente se facciamo silenzio, se siamo <\/span><b>raccolti in noi stessi<\/b><span style=\"font-weight: 400;\">, se siamo da soli e se ci abituiamo ogni giorno a dedicare un pochettino di tempo al nostro Spirito. <\/span><\/p><p><span style=\"font-weight: 400;\">Pensate a come viviamo tutti quanti in maniera sregolata. Dedichiamo tantissimo tempo al nostro corpo, qualche briciola alla nostra Anima e normalmente zero al nostro Spirito. Invece <\/span><b>queste tre componenti dovrebbero essere equilibrate tra di loro<\/b><span style=\"font-weight: 400;\">, perch\u00e9 sono tutte e tre connesse e sono tutte egualmente importanti.\u00a0<\/span><\/p><p><span style=\"font-weight: 400;\">Da quanto detto ovviamente deriva direttamente il fatto di stare particolarmente <\/span><b>lontani da tutti i mass-media <\/b><span style=\"font-weight: 400;\">dal cosiddetto mainstream, quindi niente televisione, niente giornali, e cos\u00ec via, perch\u00e9 tutte queste cose<\/span><b> influenzano negativamente<\/b><span style=\"font-weight: 400;\"> la nostra persona a tutti i livelli, dal cervello ma anche ai livelli dell\u2019Anima e dello Spirito.\u00a0<\/span><\/p><h3><b>Diventare invisibili<\/b><\/h3><p><span style=\"font-weight: 400;\">Ma siccome siamo comunque inseriti all\u2019interno di una societ\u00e0 nella quale dobbiamo vivere, e visto i tempi che corriamo, il mio suggerimento \u00e8 quello di <\/span><b>rendersi invisibili<\/b><span style=\"font-weight: 400;\">. \u00c8 un <\/span><b>certo tipo di atteggiamento<\/b><span style=\"font-weight: 400;\"> non solo mentale, ma spirituale, che consiste nell\u2019<\/span><b>avere la certezza che siamo protetti dall\u2019alto<\/b><span style=\"font-weight: 400;\">, che a noi non capiter\u00e0 nulla, che comunque <\/span><b>nessuno vorr\u00e0 interferire con la nostra vita<\/b><span style=\"font-weight: 400;\">. <\/span><\/p><p><span style=\"font-weight: 400;\">Ho degli amici che continuano a viaggiare a livello internazionale, anche in aereo, e c\u2019\u00e8 in particolare un amico che ha fatto in questi ultimi periodi, anche il mese scorso, il pendolare dall\u2019Italia verso l\u2019America; \u00e8 andato, tornato, andato, tornato, e <\/span><b>nessuno gli ha mai chiesto nulla<\/b><span style=\"font-weight: 400;\">, tranne il passaporto. Nessuno gli ha chiesto di produrre, ad esempio, il certificato di un tampone, perch\u00e9 si \u00e8 reso \u201cinvisibile\u201d, \u00e8 passato attraverso tutti i controlli come se non ci fosse. <\/span><\/p><p><span style=\"font-weight: 400;\">Questo significa riuscire a raggiungere quello stato, che <\/span><b>\u00e8 uno stato dell\u2019essere<\/b><span style=\"font-weight: 400;\">. L\u2019essere invisibili ovviamente <\/span><b>ha qualche piccola controindicazione<\/b><span style=\"font-weight: 400;\">, perch\u00e9 se si \u00e8 in coda al supermercato non ci si deve stupire che qualcuno ci superiori e passi davanti; ovviamente, se si \u00e8 resi invisibili questo accadr\u00e0, ma non \u00e8 un segnale negativo, perch\u00e9 vuol dire che si \u00e8 riusciti a rendersi invisibili.\u00a0<\/span><\/p><p><span style=\"font-weight: 400;\">Un\u2019altra indicazione che possono dare \u00e8 quella di <\/span><b>non reagire male alle provocazioni<\/b><span style=\"font-weight: 400;\">, non accettare <\/span><b>mai di scendere al livello materiale<\/b><span style=\"font-weight: 400;\">, e quindi, anche se fortuitamente delle persone magari vi provocano in qualche maniera, non accettate nessuna discussione, <\/span><b>non accettate nessuna provocazione <\/b><span style=\"font-weight: 400;\">di nessun tipo, perch\u00e9 qualsiasi azione voi possiate scatenare come reazione a una provocazione \u00e8 contro di voi. Quindi non scendete a questo livello di materialit\u00e0.\u00a0<\/span><\/p><h3><b>Seguire le intuizioni e stare nel Presente<\/b><\/h3><p><span style=\"font-weight: 400;\">In questo periodo \u00e8 particolarmente importante non seguire la razionalit\u00e0 della mente, ma seguire le intuizioni, e <\/span><b>vivere di giorno in giorno<\/b><span style=\"font-weight: 400;\">, senza chiedersi domani cosa accadr\u00e0, dove stiamo andando, che succeder\u00e0 in futuro. <\/span><b>Non esiste pi\u00f9 il passato e non esiste pi\u00f9 il futuro<\/b><span style=\"font-weight: 400;\">, ma esiste solo il <\/span><b>presente<\/b><span style=\"font-weight: 400;\">, \u00e8 importante restare sempre nel presente, nella<\/span><b> totale fiducia <\/b><span style=\"font-weight: 400;\">in se stessi e nel fatto che <\/span><b>lass\u00f9 c\u2019\u00e8 un \u201cpap\u00e0\u201d che ci ama<\/b><span style=\"font-weight: 400;\">. <\/span><\/p><p><span style=\"font-weight: 400;\">Quindi restare in questa condizione e non permettere alla mente di fuggire verso le idee del futuro, stare sempre fissi nel presente, sempre concentrati su quello che stiamo facendo in quel momento.\u00a0<\/span><\/p><p><span style=\"font-weight: 400;\">Cerchiamo di <\/span><b>fare il tutte le cose pratiche nel migliore dei modi<\/b><span style=\"font-weight: 400;\">, perch\u00e9 fare le cose pratiche nel migliore dei modi vuol dire alimentare il nostro Spirito. Ho detto prima che Spirito e materia sono la stessa cosa, quindi <\/span><b>lavorare bene a livello materiale vuol dire lavorare bene a livello spirituale<\/b><span style=\"font-weight: 400;\">, ma questo \u00e8 possibile solo se c\u2019\u00e8 la massima concentrazione su quello che stiamo facendo in quel momento e la nostra mente non fugge verso idee strane o verso soprattutto ipotesi del futuro che poi, normalmente, ovviamente, non si avverano, perch\u00e9 <\/span><b>la vita \u00e8 molto pi\u00f9 creativa della nostra immaginazione<\/b><span style=\"font-weight: 400;\"> e quindi supera sempre qualsiasi ipotesi.\u00a0<\/span><\/p><p><span style=\"font-weight: 400;\">In compenso dobbiamo <\/span><b>accogliere le intuizioni <\/b><span style=\"font-weight: 400;\">che ci possono arrivare dall\u2019alto,<\/span><b> seguirle e realizzarle<\/b><span style=\"font-weight: 400;\"> nel pi\u00f9 breve tempo possibile. Nel fare tutto questo dobbiamo<\/span><b> usare Amore e Compassione<\/b><span style=\"font-weight: 400;\">, che sono due elementi fondamentali di questo periodo.\u00a0<\/span><\/p><h3><strong>Rimanere fedeli alla Legge Universale<\/strong><\/h3><p><span style=\"font-weight: 400;\">L\u2019atteggiamento generale che dobbiamo cercare di mantenere per arrivare bene a questo portale \u00e8 <\/span><b>rimanere fedeli alla Legge universale<\/b><span style=\"font-weight: 400;\">, quella famosa Legge che c\u2019\u00e8 stata ricordata da Ges\u00f9, rispetto alla quale ho dedicato anche un mini corso intitolato \u201c<\/span><b>Ama il prossimo tuo<\/b><span style=\"font-weight: 400;\">\u201d. <\/span><\/p><p><span style=\"font-weight: 400;\">La Legge dice, nella sua versione originale: \u201c<\/span><i><span style=\"font-weight: 400;\">Ama spiritualmente il Signore Iddio tuo da tutto intero il tuo cuore da tutta intera la tua anima e con tutta la intera la tua certezza e da tutta intera la tua mente ed il prossimo tuo come te stesso.<\/span><\/i><span style=\"font-weight: 400;\">\u201d <\/span><\/p><p><span style=\"font-weight: 400;\">Come vedete qui sono tirati in ballo tutti quanti i livelli di noi stessi, i livelli del cuore e della mente, quelli dell\u2019Anima e dello Spirito, con un <\/span><b>coinvolgimento che deve essere totale<\/b><span style=\"font-weight: 400;\">, perch\u00e9 effettivamente il coinvolgimento per realizzare questa Legge deve essere totale, di tutto noi stessi.\u00a0<\/span><\/p><p><span style=\"font-weight: 400;\">Spero che queste indicazioni che ho dato possano essere di aiuto per voi e<\/span><b> andiamo tutti quanti felicemente, allegramente, a questo portale che ci aspetta<\/b><span style=\"font-weight: 400;\">, che dobbiamo guardare proprio come un <\/span><b>grande regalo <\/b><span style=\"font-weight: 400;\">che scende <\/span><b>dall\u2019alto<\/b><span style=\"font-weight: 400;\">, una specie di <\/span><b>Gerusalemme celeste<\/b><span style=\"font-weight: 400;\"> che arriva in Terra proprio per la nostra <\/span><b>salvezza<\/b><span style=\"font-weight: 400;\">. Sono sicuro che se operiamo bene ci arriveremo con una estrema gioia. E nell\u2019augurare buon lavoro a tutti vi dico: \u201cper favore, non dimenticate di fare Festa con me!\u201d.<\/span><\/p><p><span style=\"font-weight: 400;\">Villach, 10\/10\/2921<\/span><\/p>\t\t\t\t\t\t\t\t<\/div>\n\t\t\t\t<\/div>\n\t\t\t\t\t<\/div>\n\t\t<\/div>\n\t\t\t\t\t<\/div>\n\t\t<\/section>\n\t\t\t\t<\/div>\n\t\t","protected":false},"excerpt":{"rendered":"<p>Una bella notizia Ho una bella notizia da darvi: stiamo andando verso un evento positivo veramente eccezionale, per il quale per\u00f2 dobbiamo prepararci a livello spirituale. Questo documento l\u2019ho pensato per darvi una conoscenza unica, della quale fino ad oggi nessuno ha parlato. Sto riferendomi ad un portale che sinora nessuno aveva individuato. Come ho [&hellip;]<\/p>\n","protected":false},"author":1,"featured_media":8917,"comment_status":"closed","ping_status":"open","sticky":false,"template":"","format":"standard","meta":{"_acf_changed":false,"footnotes":""},"categories":[56,38],"tags":[],"class_list":["post-8915","post","type-post","status-publish","format-standard","has-post-thumbnail","hentry","category-video","category-articoli"],"acf":[],"_links":{"self":[{"href":"https:\/\/www.dottabbate.com\/it\/wp-json\/wp\/v2\/posts\/8915","targetHints":{"allow":["GET"]}}],"collection":[{"href":"https:\/\/www.dottabbate.com\/it\/wp-json\/wp\/v2\/posts"}],"about":[{"href":"https:\/\/www.dottabbate.com\/it\/wp-json\/wp\/v2\/types\/post"}],"author":[{"embeddable":true,"href":"https:\/\/www.dottabbate.com\/it\/wp-json\/wp\/v2\/users\/1"}],"replies":[{"embeddable":true,"href":"https:\/\/www.dottabbate.com\/it\/wp-json\/wp\/v2\/comments?post=8915"}],"version-history":[{"count":8,"href":"https:\/\/www.dottabbate.com\/it\/wp-json\/wp\/v2\/posts\/8915\/revisions"}],"predecessor-version":[{"id":8927,"href":"https:\/\/www.dottabbate.com\/it\/wp-json\/wp\/v2\/posts\/8915\/revisions\/8927"}],"wp:featuredmedia":[{"embeddable":true,"href":"https:\/\/www.dottabbate.com\/it\/wp-json\/wp\/v2\/media\/8917"}],"wp:attachment":[{"href":"https:\/\/www.dottabbate.com\/it\/wp-json\/wp\/v2\/media?parent=8915"}],"wp:term":[{"taxonomy":"category","embeddable":true,"href":"https:\/\/www.dottabbate.com\/it\/wp-json\/wp\/v2\/categories?post=8915"},{"taxonomy":"post_tag","embeddable":true,"href":"https:\/\/www.dottabbate.com\/it\/wp-json\/wp\/v2\/tags?post=8915"}],"curies":[{"name":"wp","href":"https:\/\/api.w.org\/{rel}","templated":true}]}}